{"id":156651,"date":"2025-06-01T12:23:10","date_gmt":"2025-06-01T12:23:10","guid":{"rendered":"https:\/\/www.europesays.com\/de\/156651\/"},"modified":"2025-06-01T12:23:10","modified_gmt":"2025-06-01T12:23:10","slug":"dortmund-langeloh-soll-eigenstaendig-werden","status":"publish","type":"post","link":"https:\/\/www.europesays.com\/de\/156651\/","title":{"rendered":"Dortmund: Langeloh soll eigenst\u00e4ndig werden"},"content":{"rendered":"<p>    <a href=\"https:\/\/www.ruhrnachrichten.de\/wp-content\/uploads\/2025\/06\/01\/10\/630_0900_4754709_513351068-1648x824.jpg\" rel=\"nofollow noopener\" target=\"_blank\"><\/p>\n<p>            <img loading=\"lazy\" decoding=\"async\" src=\"https:\/\/www.europesays.com\/de\/wp-content\/uploads\/2025\/06\/630_0900_4754708_513351068-640x428.jpg\" width=\"640\" height=\"428\"  alt=\"Ein Sch\u00fcler meldet sich in einem Klassenraum, w\u00e4hrend eine Lehrerin im Hintergrund auf ein Whiteboard zeigt.\"\/><\/p>\n<p>    <\/a><br \/>\n    Der Standort Langeloh der Harkort-Grundschule soll ab 2026 eine eigenst\u00e4ndige Schule werden (Symbolbild). \u00a9 picture alliance\/dpa<\/p>\n<p class=\"article__teaser-text\">Der Standort Langeloh in L\u00f6ttringhausen geh\u00f6rt derzeit noch zur kilometerweit entfernten Harkort-Grundschule in Hombruch. Die Stadt will das bis 2026 \u00e4ndern.<\/p>\n<p>2 Min Lesezeit<\/p>\n<p>Eine neue Grundschule k\u00f6nnte bald in Dortmund entstehen. Laut Informationen der Stadt Dortmund ist geplant, den Teilstandort \u201eLangeloh\u201c in L\u00f6ttringhausen eigenst\u00e4ndig zu machen. Der Standort geh\u00f6rt seit 2012 zur Harkort-Grundschule, doch die Entfernung zwischen beiden Standorten betr\u00e4gt mehrere Kilometer.<\/p>\n<p><img decoding=\"async\" width=\"1024\" height=\"683\" loading=\"lazy\" src=\"https:\/\/www.europesays.com\/de\/wp-content\/uploads\/2025\/06\/630_0900_4754711_630_0900_3753962_Schule_Hombruch_1_824x-1024x683.jpg\" alt=\"Ein Schild auf dem \" lernanf=\"\" steht=\"\" vor=\"\" der=\"\" harkort-grundschule=\"\" an=\"\" behringstra=\"\" class=\"wp-image-2001678983\" title=\"Ein Schild auf dem \"  \/>Die Harkort-Grundschule soll sich ab 2026 nur noch auf den Standort an der Behringstra\u00dfe beschr\u00e4nken.\u00a9 Bauerfeld<\/p>\n<p>Zustimmung aus Arnsberg<\/p>\n<p>Derzeit seien sie in vielen Bereichen schon wie zwei separate Schulen organisiert, erkl\u00e4rt die Pressestelle der Stadt Dortmund. Es gebe zum Beispiel unterschiedliche Tr\u00e4ger f\u00fcr den Offenen Ganztag, verschiedene F\u00f6rdervereine und jeweils einen Hausmeister sowie eine Sekret\u00e4rin pro Standort. Die Schulleitung sei allerdings nur eine, was die Organisation schwierig mache.<\/p>\n<p>Die Stadtverwaltung Dortmund plant deshalb, dass Langeloh eine eigene Schulleitung und eigenes Kollegium erh\u00e4lt. Daf\u00fcr muss die Schule mindestens 50 Kinder im ersten Jahrgang haben. Diese Anzahl m\u00fcssen sie in den n\u00e4chsten f\u00fcnf Jahren beibehalten. Erst dann gibt die Bezirksregierung Arnsberg ihre Zustimmung, wie es in der Pressemitteilung der Stadt weiter hei\u00dft.<\/p>\n<p>Positive Aussicht<\/p>\n<p>Momentan besuchen insgesamt 92 Sch\u00fclerinnen und Sch\u00fcler im ersten Jahrgang die beiden Standorte. An der Behringstra\u00dfe, dem Hauptstandort, werden 49 Kinder unterrichtet. An der L\u00f6ttringhauser Stra\u00dfe, dem Nebenstandort, lernen 43 Kinder. Die Prognosen f\u00fcr L\u00f6ttringhausen seien positiv. Im Schuljahr 2025\/26 werden dort voraussichtlich 53 Kinder die erste Klasse besuchen. Das w\u00e4re bereits ein Jahr vor der geplanten Eigenst\u00e4ndigkeit ausreichend f\u00fcr die geforderte Mindestgr\u00f6\u00dfe. Auch f\u00fcr die nachfolgenden Jahre wird mit steigenden Sch\u00fclerzahlen gerechnet.<\/p>\n<p>Der Standort Langeloh k\u00f6nnte von der hohen Nachfrage bei den nahegelegenen Schulen Kirchh\u00f6rder Grundschule und Olpeketal-Grundschule profitieren. Diese Schulen m\u00fcssen oft Kinder ablehnen, da sie keine Kapazit\u00e4ten mehr haben. F\u00fcr diese Kinder w\u00e4re Langeloh eine m\u00f6gliche Alternative. Die Experten des Schulverwaltungsamtes glauben, dass in Langeloh auch in den ersten f\u00fcnf Jahren regelm\u00e4\u00dfig mindestens 50 Kinder eingeschult werden. Damit w\u00e4ren die Bedingungen f\u00fcr die Eigenst\u00e4ndigkeit erf\u00fcllt und die Schule k\u00f6nnte zweiz\u00fcgig starten.<\/p>\n<p>Entscheidung im Juli<\/p>\n<p>Am 3. Juli wird der Rat der Stadt Dortmund \u00fcber den Aufl\u00f6sungsbeschluss des derzeitigen Grundschulverbundes entscheiden. Bei einem positiven Beschluss folgen weitere Schritte. Dazu geh\u00f6rt ein Bestimmungsverfahren mit Elternbeteiligung. Dieses Verfahren legt fest, ob die neue Schule eine Bekenntnisschule oder eine Gemeinschaftsschule wird.<\/p>\n<p>Nach dem Bestimmungsverfahren muss die Bezirksregierung Arnsberg als obere Schulaufsichtsbeh\u00f6rde den Plan genehmigen. Dies muss rechtzeitig vor den Anmeldeterminen f\u00fcr das Schuljahr 2026\/27 geschehen. Die neue Schule soll eine offene Ganztagsgrundschule werden.<\/p>\n<p>\n\t<a href=\"https:\/\/www.ruhrnachrichten.de\" class=\"button button--brand button--link home-button\" rel=\"nofollow noopener\" target=\"_blank\">Zur Startseite<\/a><\/p>\n","protected":false},"excerpt":{"rendered":"Der Standort Langeloh der Harkort-Grundschule soll ab 2026 eine eigenst\u00e4ndige Schule werden (Symbolbild). \u00a9 picture alliance\/dpa Der Standort&hellip;\n","protected":false},"author":2,"featured_media":156652,"comment_status":"","ping_status":"","sticky":false,"template":"","format":"standard","meta":{"footnotes":""},"categories":[1833],"tags":[3364,29,217,30,4484,1209,8953],"class_list":{"0":"post-156651","1":"post","2":"type-post","3":"status-publish","4":"format-standard","5":"has-post-thumbnail","7":"category-dortmund","8":"tag-de","9":"tag-deutschland","10":"tag-dortmund","11":"tag-germany","12":"tag-grundschulen","13":"tag-nordrhein-westfalen","14":"tag-schule-kita"},"share_on_mastodon":{"url":"https:\/\/pubeurope.com\/@de\/114608092420933420","error":""},"_links":{"self":[{"href":"https:\/\/www.europesays.com\/de\/wp-json\/wp\/v2\/posts\/156651","targetHints":{"allow":["GET"]}}],"collection":[{"href":"https:\/\/www.europesays.com\/de\/wp-json\/wp\/v2\/posts"}],"about":[{"href":"https:\/\/www.europesays.com\/de\/wp-json\/wp\/v2\/types\/post"}],"author":[{"embeddable":true,"href":"https:\/\/www.europesays.com\/de\/wp-json\/wp\/v2\/users\/2"}],"replies":[{"embeddable":true,"href":"https:\/\/www.europesays.com\/de\/wp-json\/wp\/v2\/comments?post=156651"}],"version-history":[{"count":0,"href":"https:\/\/www.europesays.com\/de\/wp-json\/wp\/v2\/posts\/156651\/revisions"}],"wp:featuredmedia":[{"embeddable":true,"href":"https:\/\/www.europesays.com\/de\/wp-json\/wp\/v2\/media\/156652"}],"wp:attachment":[{"href":"https:\/\/www.europesays.com\/de\/wp-json\/wp\/v2\/media?parent=156651"}],"wp:term":[{"taxonomy":"category","embeddable":true,"href":"https:\/\/www.europesays.com\/de\/wp-json\/wp\/v2\/categories?post=156651"},{"taxonomy":"post_tag","embeddable":true,"href":"https:\/\/www.europesays.com\/de\/wp-json\/wp\/v2\/tags?post=156651"}],"curies":[{"name":"wp","href":"https:\/\/api.w.org\/{rel}","templated":true}]}}