{"id":156653,"date":"2025-06-01T12:24:09","date_gmt":"2025-06-01T12:24:09","guid":{"rendered":"https:\/\/www.europesays.com\/de\/156653\/"},"modified":"2025-06-01T12:24:09","modified_gmt":"2025-06-01T12:24:09","slug":"die-schoensten-buecher-der-welt-und-ein-gespraech-ueber-groesse-%c2%b7-leipziger-zeitung","status":"publish","type":"post","link":"https:\/\/www.europesays.com\/de\/156653\/","title":{"rendered":"Die sch\u00f6nsten B\u00fccher der Welt und ein Gespr\u00e4ch \u00fcber Gr\u00f6\u00dfe \u00b7 Leipziger Zeitung"},"content":{"rendered":"<p>Am Dienstag, den 3. Juni 2025 um 18 Uhr findet in der HALLE 14 \u2013 Zentrum f\u00fcr zeitgen\u00f6ssische Kunst ein BOOK TALK statt. In dem Rahmen des Buchgespr\u00e4chs wird der Ausstellungskatalog \u201eSize Matters\u201c vom Gestaltungsb\u00fcro HIT, dem Distanz Verlag und der Stiftung Buchkunst vorgestellt. Dieser wurde zuletzt mit der Bronzemedaille des internationalen Wettbewerbs \u201eBest Book Design from all over the World\u201c 2025 der Stiftung Buchkunst ausgezeichnet. <\/p>\n<p>Au\u00dferdem werden Einblicke in die zeitgen\u00f6ssische Konzeption von Fotob\u00fcchern sowie deren Entstehungs- sowie Gestaltungsprozesse gegeben.\u00a0<\/p>\n<p>Bei der Veranstaltung sprechen Rebecca Wilton vom Distanz Verlag und Birte Kreft von der Stiftung Buchkunst sowie das Gestaltungsb\u00fcro HIT \u00fcber den pr\u00e4mierten Ausstellungskatalog. Dieser \u00fcberzeugt durch die Auseinandersetzung mit der Bedeutungsverschiebung, die Fotografien erfahren, wenn sie ihre Gr\u00f6\u00dfe ver\u00e4ndern oder durch Ausschnitte modifizert werden. <\/p>\n<p>Die Auseinandersetzung mit diesen Fragen erfolgt im Werk sowohl auf der inhaltlichen als auch auf der formalen Ebene. Die formale Umsetzung zeigt sich beispielsweise daran, dass alle ausgestellten Fotografien im Katalog im Ma\u00dfstab 1:1 abgebildet sind. So deutet die Publikation bereits beim Aufschlagen etwas an, was f\u00fcr das Medium charakteristisch ist \u2013 eine Fotografie zeigt stets einen Ausschnitt von etwas und verweist damit implizit auf das, was nicht abgebildet ist. <\/p>\n<p>Auch im Schriftbild findet sich der unkonventionelle Ansatz wieder: \u00dcbergro\u00dfe Bildunterschriften in traditioneller, eleganter Kursivschrift begleiten die teilweise extremen Ausschnitte der ausgestellten Fotografien. Weiterhin verweisen das Format des Buches, der Hochglanz-Schutzumschlag sowie die Papierart auf klassische Fotopublikationen der 1990er Jahre. In diesen subtilen Verweisen und bewussten, gro\u00dfen grafischen Gesten wird die Fotografie im zeitgen\u00f6ssischen Blick betrachtet.\u00a0<\/p>\n<p>Die Veranstaltung findet im Rahmen der Ausstellung \u201e14 presents 14. Best Book Design from all over the World 2025\u201c statt. In dieser pr\u00e4sentiert die Kunstbibliothek der HALLE 14 in Kooperation mit der Stiftung Buchkunst die Preistr\u00e4ger:innen sowie die Shortlist des internationalen, gleichnamigen Wettbewerbs. Die Stiftung Buchkunst f\u00f6rdert seit \u00fcber 50 Jahren mit unterschiedlichen Wettbewerben und Auszeichnungen, wie \u201eDie Sch\u00f6nsten Deutschen B\u00fccher\u201c, \u201eF\u00f6rderpreis f\u00fcr junge Buchgestaltung\u201c sowie \u201eBest Book Design from all over the World \/ Sch\u00f6nste B\u00fccher aus aller Welt\u201c die Buchkunst. <\/p>\n<p>Unter dem Titel \u201e14 presents 14\u201c findet die Preistr\u00e4ger:innenausstellung dieses Jahr zum zweiten Mal in Kooperation mit der Stiftung Buchkunst in der HALLE 14 statt, welche im Jahr 2024 initiiert wurde Die Kunstbibliothek der HALLE 14 mit einem Bestand von 25.000 Kunstb\u00fcchern hat sich als ein passender Ort f\u00fcr die Ausstellung herausgestellt. So streben beide Kooperationspartner eine Fortsetzung der Zusammenarbeit an.<\/p>\n<p><strong>Veranstaltung<\/strong>: BOOK TALK zum pr\u00e4mierten Ausstellungskatalog \u201eSize Matters\u201c\u00a0<\/p>\n<p><strong>Termin<\/strong>: Dienstag, 3. Juni 2025, 18 Uhr\u00a0<\/p>\n<p>Mit dem Gestaltungsb\u00fcro HIT, mit Rebecca Wilton vom DISTANZ Verlag und Birte Kreft von der Stiftung Buchkunst\u00a0<\/p>\n<p><strong>Eintritt<\/strong>: kostenfrei\u00a0<\/p>\n<p><strong>Weitere Informationen unter<\/strong>: www.halle14.org\/veranstaltungen\u00a0<\/p>\n<p><strong>Ausstellung<\/strong>: 14 presents 14. Best Book Design from all over the World 2025\u00a0<\/p>\n<p><strong>Laufzeit<\/strong>: 3. Mai bis 15. Juni 2025\u00a0<\/p>\n<p><strong>Kooperationspartner<\/strong>: Stiftung Buchkunst\u00a0<\/p>\n<p><strong>Weitere Informationen unter<\/strong> www.halle14.org\/bibliothek\/kunstprogramm\u00a0<\/p>\n","protected":false},"excerpt":{"rendered":"Am Dienstag, den 3. Juni 2025 um 18 Uhr findet in der HALLE 14 \u2013 Zentrum f\u00fcr zeitgen\u00f6ssische&hellip;\n","protected":false},"author":2,"featured_media":156654,"comment_status":"","ping_status":"","sticky":false,"template":"","format":"standard","meta":{"footnotes":""},"categories":[1832],"tags":[18944,55042,3364,29,30,55041,71,859],"class_list":{"0":"post-156653","1":"post","2":"type-post","3":"status-publish","4":"format-standard","5":"has-post-thumbnail","7":"category-leipzig","8":"tag-baumwollspinnerei","9":"tag-buchgespraech","10":"tag-de","11":"tag-deutschland","12":"tag-germany","13":"tag-halle-14","14":"tag-leipzig","15":"tag-sachsen"},"share_on_mastodon":{"url":"https:\/\/pubeurope.com\/@de\/114608096354189462","error":""},"_links":{"self":[{"href":"https:\/\/www.europesays.com\/de\/wp-json\/wp\/v2\/posts\/156653","targetHints":{"allow":["GET"]}}],"collection":[{"href":"https:\/\/www.europesays.com\/de\/wp-json\/wp\/v2\/posts"}],"about":[{"href":"https:\/\/www.europesays.com\/de\/wp-json\/wp\/v2\/types\/post"}],"author":[{"embeddable":true,"href":"https:\/\/www.europesays.com\/de\/wp-json\/wp\/v2\/users\/2"}],"replies":[{"embeddable":true,"href":"https:\/\/www.europesays.com\/de\/wp-json\/wp\/v2\/comments?post=156653"}],"version-history":[{"count":0,"href":"https:\/\/www.europesays.com\/de\/wp-json\/wp\/v2\/posts\/156653\/revisions"}],"wp:featuredmedia":[{"embeddable":true,"href":"https:\/\/www.europesays.com\/de\/wp-json\/wp\/v2\/media\/156654"}],"wp:attachment":[{"href":"https:\/\/www.europesays.com\/de\/wp-json\/wp\/v2\/media?parent=156653"}],"wp:term":[{"taxonomy":"category","embeddable":true,"href":"https:\/\/www.europesays.com\/de\/wp-json\/wp\/v2\/categories?post=156653"},{"taxonomy":"post_tag","embeddable":true,"href":"https:\/\/www.europesays.com\/de\/wp-json\/wp\/v2\/tags?post=156653"}],"curies":[{"name":"wp","href":"https:\/\/api.w.org\/{rel}","templated":true}]}}