{"id":156657,"date":"2025-06-01T12:26:17","date_gmt":"2025-06-01T12:26:17","guid":{"rendered":"https:\/\/www.europesays.com\/de\/156657\/"},"modified":"2025-06-01T12:26:17","modified_gmt":"2025-06-01T12:26:17","slug":"flingern-feiert-beim-strassenfest-die-vielfalt-im-quartier","status":"publish","type":"post","link":"https:\/\/www.europesays.com\/de\/156657\/","title":{"rendered":"Flingern feiert beim Stra\u00dfenfest die Vielfalt im Quartier"},"content":{"rendered":"<p class=\"text_ohne_einzug richtext text-em-55 !leading-serif mx-6 desktop:mx-0\"> P\u00fcnktlich startete am Samstagmorgen das 45. Internationale Stra\u00dfenfest in Flingern, das mit seinem <a href=\"https:\/\/rp-online.de\/thema\/flohmarkt\/\" rel=\"nofollow noopener\" target=\"_blank\">Flohmarkt<\/a> schon fr\u00fch am Tag viele Menschen anzog. Designerin Angelika Kauffmann etwa war mit Freunden unterwegs. \u201eIch gehe gern auf Flohm\u00e4rkte, da finde ich immer was\u201c, sagte sie. Insgesamt verteilten sich die 200 St\u00e4nde auf das Dreieck Flur-, Bruch- und Schwelmer Stra\u00dfe.<\/p>\n","protected":false},"excerpt":{"rendered":"P\u00fcnktlich startete am Samstagmorgen das 45. Internationale Stra\u00dfenfest in Flingern, das mit seinem Flohmarkt schon fr\u00fch am Tag&hellip;\n","protected":false},"author":2,"featured_media":156658,"comment_status":"","ping_status":"","sticky":false,"template":"","format":"standard","meta":{"footnotes":""},"categories":[1831],"tags":[41297,55052,3364,29,3405,55043,8513,55050,55049,55046,55051,16121,30,23377,29198,1209,55045,55044,524,55048,29008,55047],"class_list":{"0":"post-156657","1":"post","2":"type-post","3":"status-publish","4":"format-standard","5":"has-post-thumbnail","7":"category-duesseldorf","8":"tag-bruch","9":"tag-bruchstrasse","10":"tag-de","11":"tag-deutschland","12":"tag-duesseldorf","13":"tag-flinger","14":"tag-flohmarkt","15":"tag-flohmarktbummler","16":"tag-flohmaerkte","17":"tag-flur","18":"tag-flurschule","19":"tag-gaussstrasse","20":"tag-germany","21":"tag-internationale","22":"tag-neersen","23":"tag-nordrhein-westfalen","24":"tag-reinhardt","25":"tag-schwelmer","26":"tag-strasse","27":"tag-strassendreieck","28":"tag-strassenfest","29":"tag-verteilt"},"share_on_mastodon":{"url":"https:\/\/pubeurope.com\/@de\/114608104217873760","error":""},"_links":{"self":[{"href":"https:\/\/www.europesays.com\/de\/wp-json\/wp\/v2\/posts\/156657","targetHints":{"allow":["GET"]}}],"collection":[{"href":"https:\/\/www.europesays.com\/de\/wp-json\/wp\/v2\/posts"}],"about":[{"href":"https:\/\/www.europesays.com\/de\/wp-json\/wp\/v2\/types\/post"}],"author":[{"embeddable":true,"href":"https:\/\/www.europesays.com\/de\/wp-json\/wp\/v2\/users\/2"}],"replies":[{"embeddable":true,"href":"https:\/\/www.europesays.com\/de\/wp-json\/wp\/v2\/comments?post=156657"}],"version-history":[{"count":0,"href":"https:\/\/www.europesays.com\/de\/wp-json\/wp\/v2\/posts\/156657\/revisions"}],"wp:featuredmedia":[{"embeddable":true,"href":"https:\/\/www.europesays.com\/de\/wp-json\/wp\/v2\/media\/156658"}],"wp:attachment":[{"href":"https:\/\/www.europesays.com\/de\/wp-json\/wp\/v2\/media?parent=156657"}],"wp:term":[{"taxonomy":"category","embeddable":true,"href":"https:\/\/www.europesays.com\/de\/wp-json\/wp\/v2\/categories?post=156657"},{"taxonomy":"post_tag","embeddable":true,"href":"https:\/\/www.europesays.com\/de\/wp-json\/wp\/v2\/tags?post=156657"}],"curies":[{"name":"wp","href":"https:\/\/api.w.org\/{rel}","templated":true}]}}