{"id":156671,"date":"2025-06-01T12:33:12","date_gmt":"2025-06-01T12:33:12","guid":{"rendered":"https:\/\/www.europesays.com\/de\/156671\/"},"modified":"2025-06-01T12:33:12","modified_gmt":"2025-06-01T12:33:12","slug":"schwerer-unfall-in-richtung-koeln-motorradfahrer-in-lebensgefahr","status":"publish","type":"post","link":"https:\/\/www.europesays.com\/de\/156671\/","title":{"rendered":"Schwerer Unfall in Richtung K\u00f6ln \u2013 Motorradfahrer in Lebensgefahr"},"content":{"rendered":"<p>Schwerer Unfall auf A57 <\/p>\n<p>Motorradfahrer nach Kollision mit Pkw in Lebensgefahr<\/p>\n<p>01.06.2025 &#8211; 14:30 UhrLesedauer: 1 Min.<\/p>\n<p><a href=\"#focus-0\" class=\"transition-colors duration-200 focus-within:text-magenta block text-current relative\" data-sctrack=\"FocusGalleryImage.Reference\"><img fetchpriority=\"high\" data-testid=\"Opener.Image\" style=\"--lqipURL:url('https:\/\/images.t-online.de\/2025\/06\/hehT2wpA5z2Y\/0x372:4000x2250\/fit-in\/150x0\/filters:blur(25)\/image.jpg')\"   loading=\"eager\" src=\"https:\/\/www.europesays.com\/de\/wp-content\/uploads\/2025\/06\/1748781191_530_image.jpg\" alt=\"imago images 0820811380\" title=\"imago images 0820811380\" width=\"4000\" height=\"2250\" class=\"bg-[url:var(--lqipURL)] bg-cover bg-center flex w-full max-w-full h-full\" decoding=\"async\"\/><img style=\"--width:32;--height:32\" loading=\"lazy\" src=\"https:\/\/www.europesays.com\/de\/wp-content\/uploads\/2025\/05\/zoom-in.f7dae02f.svg.svg+xml\" alt=\"Vergr\u00f6\u00dfern des Bildes\" title=\"Vergr\u00f6\u00dfern des Bildes\" class=\"&#10;        block&#10;        h-[calc(var(--height)_\/_16_*_1rem)]&#10;        w-[calc(var(--width)_\/_16_*_1rem)]&#10;        max-w-none&#10;        absolute bottom-8 right-8 rounded-4 bg-snow p-8\" decoding=\"async\"\/><\/a><\/p>\n<p>Die Polizei weist auf einen Unfall hin (Symbolbild): Die A57 in Fahrtrichtung K\u00f6ln musste nach einem Zusammensto\u00df zwischen Motorrad und Pkw gesperrt werden. (Quelle: IMAGO\/Michael Bihlmayer)<\/p>\n<p class=\"font-bold text-18 leading-17\">Auf der A57 in Fahrtrichtung K\u00f6ln kommt es am Sonntag zu einem schweren Verkehrsunfall. Ein Motorradfahrer wird lebensgef\u00e4hrlich verletzt, die Strecke wird in der Folge gesperrt.<\/p>\n<p class=\"text-18 leading-17\">Auf der A57 bei <a class=\"transition-colors duration-200 cursor-pointer text-inherit no-underline text-salemsfur md:hover:text-magenta md:hover:border-magenta md:focus:text-magenta border-current border-b border-solid break-words\" href=\"https:\/\/www.t-online.de\/region\/koeln\/\" data-sctrack=\"BodyAnchor\" rel=\"nofollow noopener\" target=\"_blank\">K\u00f6ln<\/a> ist es am Sonntagnachmittag (1. Juni) zu einem Verkehrsunfall zwischen einem Motorrad und einem Pkw mit schwerem Personenschaden gekommen. Nach Informationen der Polizei K\u00f6ln war der Motorradfahrer dem Auto hinten aufgefahren, wodurch es zur Kollision kam.<\/p>\n<p class=\"text-18 leading-17\">In der Folge wurde der Motorradfahrer lebensgef\u00e4hrlich verletzt. Die Polizei setzte ein Verkehrsunfallaufnahmeteam ein, die Feuerwehr r\u00fcckte zum Einsatz aus.<\/p>\n<p class=\"text-18 leading-17\">Die Fahrbahn zwischen K\u00f6ln-Chorweiler und Kreuz K\u00f6ln-Nord in Fahrtrichtung K\u00f6ln ist derzeit gesperrt, wodurch sich der Verkehr dahinter derzeit massiv aufstaut. Die Dauer der Sperrung wird derzeit bis mindestens 16 Uhr angegeben.<\/p>\n","protected":false},"excerpt":{"rendered":"Schwerer Unfall auf A57 Motorradfahrer nach Kollision mit Pkw in Lebensgefahr 01.06.2025 &#8211; 14:30 UhrLesedauer: 1 Min. Die&hellip;\n","protected":false},"author":2,"featured_media":156672,"comment_status":"","ping_status":"","sticky":false,"template":"","format":"standard","meta":{"footnotes":""},"categories":[1828],"tags":[513,5543,29,30,4905,1420,5517,1209,176,121,1284,3260],"class_list":{"0":"post-156671","1":"post","2":"type-post","3":"status-publish","4":"format-standard","5":"has-post-thumbnail","7":"category-koeln","8":"tag-auto","9":"tag-autobahn","10":"tag-deutschland","11":"tag-germany","12":"tag-kollision","13":"tag-koeln","14":"tag-lebensgefahr","15":"tag-nordrhein-westfalen","16":"tag-nrw","17":"tag-polizei","18":"tag-unfall","19":"tag-verkehrsunfall"},"share_on_mastodon":{"url":"https:\/\/pubeurope.com\/@de\/114608131887401569","error":""},"_links":{"self":[{"href":"https:\/\/www.europesays.com\/de\/wp-json\/wp\/v2\/posts\/156671","targetHints":{"allow":["GET"]}}],"collection":[{"href":"https:\/\/www.europesays.com\/de\/wp-json\/wp\/v2\/posts"}],"about":[{"href":"https:\/\/www.europesays.com\/de\/wp-json\/wp\/v2\/types\/post"}],"author":[{"embeddable":true,"href":"https:\/\/www.europesays.com\/de\/wp-json\/wp\/v2\/users\/2"}],"replies":[{"embeddable":true,"href":"https:\/\/www.europesays.com\/de\/wp-json\/wp\/v2\/comments?post=156671"}],"version-history":[{"count":0,"href":"https:\/\/www.europesays.com\/de\/wp-json\/wp\/v2\/posts\/156671\/revisions"}],"wp:featuredmedia":[{"embeddable":true,"href":"https:\/\/www.europesays.com\/de\/wp-json\/wp\/v2\/media\/156672"}],"wp:attachment":[{"href":"https:\/\/www.europesays.com\/de\/wp-json\/wp\/v2\/media?parent=156671"}],"wp:term":[{"taxonomy":"category","embeddable":true,"href":"https:\/\/www.europesays.com\/de\/wp-json\/wp\/v2\/categories?post=156671"},{"taxonomy":"post_tag","embeddable":true,"href":"https:\/\/www.europesays.com\/de\/wp-json\/wp\/v2\/tags?post=156671"}],"curies":[{"name":"wp","href":"https:\/\/api.w.org\/{rel}","templated":true}]}}