{"id":156675,"date":"2025-06-01T12:35:09","date_gmt":"2025-06-01T12:35:09","guid":{"rendered":"https:\/\/www.europesays.com\/de\/156675\/"},"modified":"2025-06-01T12:35:09","modified_gmt":"2025-06-01T12:35:09","slug":"strompreise-gruenen-sehen-gefahr-fuer-wirtschaft-im-raum-muenchen-landkreis-muenchen","status":"publish","type":"post","link":"https:\/\/www.europesays.com\/de\/156675\/","title":{"rendered":"Strompreise: Gr\u00fcnen sehen Gefahr f\u00fcr Wirtschaft im Raum M\u00fcnchen &#8211; Landkreis M\u00fcnchen"},"content":{"rendered":"<p data-manual=\"paragraph\" data-schema-org-speakable=\"true\" class=\"css-1ylqqlw\">Die beiden Gr\u00fcnen-Landtagsabgeordneten Markus B\u00fcchler und Claudia K\u00f6hler aus dem <a href=\"https:\/\/www.sueddeutsche.de\/thema\/Landkreis_M%C3%BCnchen\" target=\"_blank\" rel=\"noopener\">Landkreis M\u00fcnchen<\/a> fordern mehr Tempo beim Ausbau der Windenergie im Freistaat und werfen der CSU-gef\u00fchrten Staatsregierung schweres Versagen beim notwendigen Ausbau der Stromnetze vor. Hintergrund sind Erw\u00e4gungen der EU-Kommission, in Deutschland sogenannte Strompreiszonen einzuf\u00fchren. Diese k\u00f6nnten in Bayern und besonders im wirtschaftsstarken M\u00fcnchner Umland zu deutlich h\u00f6heren Strompreisen f\u00fchren, da \u2013 anders als etwa in Norddeutschland \u2013 im S\u00fcden der Republik deutlich weniger Strom produziert, aber mehr Energie verbraucht wird. <a href=\"https:\/\/www.sueddeutsche.de\/wissen\/strompreis-zone-deutschland-windkraft-photovoltaik-netzentgelt-li.3243347\" target=\"_blank\" rel=\"noopener\">Bisher gilt in Deutschland eine einheitliche Strompreiszone.<\/a><\/p>\n<p data-manual=\"paragraph\" data-schema-org-speakable=\"true\" class=\"css-1ylqqlw\">\u201eDie Engp\u00e4sse im Stromnetz kamen mit Ansage und sind von der CSU hausgemacht\u201c, kritisiert der Gr\u00fcnen-Abgeordnete Markus B\u00fcchler aus Oberschlei\u00dfheim. \u201eWir k\u00f6nnten schon heute g\u00fcnstigen Windstrom aus Norddeutschland zuverl\u00e4ssig im Landkreis M\u00fcnchen haben, w\u00e4re der Netzausbau nicht mit der teuren Erdverkabelung blockiert und die Windkraft nicht behindert worden.\u201c Im Jahr 2015 hatte die gro\u00dfe Koalition auf Druck der bayerischen Staatsregierung unter dem damaligen Ministerpr\u00e4sidenten Horst Seehofer (CSU) beschlossen, die Stromtrassen aus dem Norden nach Bayern unter die Erde zu verlegen; damit hat sich deren Bau erheblich verz\u00f6gert.<\/p>\n<p data-manual=\"paragraph\" data-schema-org-speakable=\"true\" class=\"css-1ylqqlw\">Mittlerweile hat Seehofers Nachfolger Markus S\u00f6der eine Kehrtwende hingelegt und angek\u00fcndigt, dass die Trassen doch oberirdisch verlaufen sollen, da Erdkabel um ein Vielfaches teurer w\u00e4ren. Aus Sicht der Gr\u00fcnen sind die Auswirkungen dieser Politik sowie des lange anhaltenden CSU-Widerstands gegen den Ausbau der Windenergie in Bayern bis heute sp\u00fcrbar \u2013 auch und gerade f\u00fcr die Wirtschaft im Gro\u00dfraum M\u00fcnchen. So m\u00fcsse Bayern \u201eriesige Mengen an Strom importieren\u201c, teilen die Gr\u00fcnen mit, etwa 20 Terawattstunden im Jahr.<\/p>\n<p data-manual=\"paragraph\" data-schema-org-speakable=\"true\" class=\"css-1ylqqlw\">Die Einf\u00fchrung von Strompreiszonen, wie sie die EU-Kommission als Reaktion plant, w\u00e4re nach Ansicht der beiden Gr\u00fcnen-Abgeordneten ein weiterer massiver Wettbewerbsnachteil f\u00fcr die bayerische Wirtschaft. Umso mehr brauche es jetzt einen \u201eMasterplan f\u00fcr Stromnetze\u201c, fordern B\u00fcchler und K\u00f6hler. Sollte Deutschland in f\u00fcnf Strompreiszonen unterteilt werden, tr\u00e4fe Markus S\u00f6der \u201eeine gro\u00dfe Mitschuld\u201c.<\/p>\n<p><a href=\"https:\/\/www.sueddeutsche.de\/muenchen\/landkreismuenchen\/a8-hofoldinger-forst-windraeder-energiewende-li.3240359\" aria-label=\"Artikelverlinkung:\" data-track-szde=\"{&quot;event&quot;:&quot;teaser_clicked&quot;,&quot;teaser_clicked&quot;:{&quot;article_title&quot;:&quot;durch_den_windpark_in_den_sueden&quot;,&quot;doctype&quot;:&quot;&quot;,&quot;label&quot;:&quot;szplus&quot;,&quot;main_topic&quot;:&quot;landkreis_muenchen&quot;,&quot;object_id&quot;:&quot;li.3240359&quot;,&quot;pcat&quot;:&quot;paid&quot;,&quot;section&quot;:&quot;landkreis_muenchen&quot;,&quot;teaser_type&quot;:&quot;article_teaser_top&quot;}}\" data-manual=\"teaser-url\" data-tb-link=\"\" aria-labelledby=\"teaser-httpswwwsueddeutschedemuenchenlandkreismuenchena8-hofoldinger-forst-windraeder-energiewende-li3240359\" class=\"css-14tg8sh\" target=\"_blank\" rel=\"noopener\"><img decoding=\"async\" src=\"https:\/\/www.europesays.com\/de\/wp-content\/uploads\/2025\/06\/66e73a45-e4c1-44d2-841c-b9bb274dc75d.jpeg\"   alt=\"\" loading=\"lazy\" class=\"css-8atqhb\"\/><\/p>\n<p>Energiewende<\/p>\n<p>:Durch den Windpark in den S\u00fcden<\/p>\n<p class=\"css-a6ecqs\" data-manual=\"teaser-text\" data-tb-description=\"\" data-schema-org-speakable=\"true\">Zwei Rotoren erheben sich bereits \u00fcber dem Hofoldinger Forst und sind von der Salzburger Autobahn gut zu sehen, der Aufbau des dritten h\u00e4lt noch einmal gr\u00f6\u00dfere logistische Anforderungen bereit. Doch schon in zwei Wochen sollen sich alle drehen.<\/p>\n<p>SZ PlusVon Martin M\u00fchlfenzl<\/p>\n<p data-manual=\"paragraph\" data-schema-org-speakable=\"true\" class=\"css-1ylqqlw\">Um \u201edrastisch steigende Kosten f\u00fcr B\u00fcrger und Unternehmen\u201c zu verhindern, fordern die Gr\u00fcnen einen raschen und massiven Ausbau der Windenergie wie aktuell im Hofoldinger Forst. \u201eIm gesamten Jahr 2024 wurden in ganz Bayern lediglich neun Windr\u00e4der errichtet\u201c, so die Unterhachingerin K\u00f6hler. \u201eEine wirklich katastrophale Bilanz.\u201c<\/p>\n","protected":false},"excerpt":{"rendered":"Die beiden Gr\u00fcnen-Landtagsabgeordneten Markus B\u00fcchler und Claudia K\u00f6hler aus dem Landkreis M\u00fcnchen fordern mehr Tempo beim Ausbau der&hellip;\n","protected":false},"author":2,"featured_media":156676,"comment_status":"","ping_status":"","sticky":false,"template":"","format":"standard","meta":{"footnotes":""},"categories":[1827],"tags":[772,29,1520,2893,2894,30,3233,11424,51723,14643,24069,25217,2527,43066,1268,2339,149],"class_list":{"0":"post-156675","1":"post","2":"type-post","3":"status-publish","4":"format-standard","5":"has-post-thumbnail","7":"category-muenchen","8":"tag-bayern","9":"tag-deutschland","10":"tag-energiewende","11":"tag-energiewende-im-landkreis-muenchen","12":"tag-energiewende-in-bayern","13":"tag-germany","14":"tag-landkreis-bad-toelz-wolfratshausen","15":"tag-landkreis-dachau","16":"tag-landkreis-ebersberg","17":"tag-landkreis-erding","18":"tag-landkreis-freising","19":"tag-landkreis-fuerstenfeldbruck","20":"tag-landkreis-muenchen","21":"tag-landkreis-starnberg","22":"tag-muenchen","23":"tag-oberbayern","24":"tag-sueddeutsche-zeitung"},"share_on_mastodon":{"url":"https:\/\/pubeurope.com\/@de\/114608140124343310","error":""},"_links":{"self":[{"href":"https:\/\/www.europesays.com\/de\/wp-json\/wp\/v2\/posts\/156675","targetHints":{"allow":["GET"]}}],"collection":[{"href":"https:\/\/www.europesays.com\/de\/wp-json\/wp\/v2\/posts"}],"about":[{"href":"https:\/\/www.europesays.com\/de\/wp-json\/wp\/v2\/types\/post"}],"author":[{"embeddable":true,"href":"https:\/\/www.europesays.com\/de\/wp-json\/wp\/v2\/users\/2"}],"replies":[{"embeddable":true,"href":"https:\/\/www.europesays.com\/de\/wp-json\/wp\/v2\/comments?post=156675"}],"version-history":[{"count":0,"href":"https:\/\/www.europesays.com\/de\/wp-json\/wp\/v2\/posts\/156675\/revisions"}],"wp:featuredmedia":[{"embeddable":true,"href":"https:\/\/www.europesays.com\/de\/wp-json\/wp\/v2\/media\/156676"}],"wp:attachment":[{"href":"https:\/\/www.europesays.com\/de\/wp-json\/wp\/v2\/media?parent=156675"}],"wp:term":[{"taxonomy":"category","embeddable":true,"href":"https:\/\/www.europesays.com\/de\/wp-json\/wp\/v2\/categories?post=156675"},{"taxonomy":"post_tag","embeddable":true,"href":"https:\/\/www.europesays.com\/de\/wp-json\/wp\/v2\/tags?post=156675"}],"curies":[{"name":"wp","href":"https:\/\/api.w.org\/{rel}","templated":true}]}}