{"id":156681,"date":"2025-06-01T12:38:08","date_gmt":"2025-06-01T12:38:08","guid":{"rendered":"https:\/\/www.europesays.com\/de\/156681\/"},"modified":"2025-06-01T12:38:08","modified_gmt":"2025-06-01T12:38:08","slug":"berlin-brandenburg-gegenproteste-gegen-erneuten-rechten-aufmarsch-in-berlin","status":"publish","type":"post","link":"https:\/\/www.europesays.com\/de\/156681\/","title":{"rendered":"Berlin &#038; Brandenburg: Gegenproteste gegen erneuten rechten Aufmarsch in Berlin"},"content":{"rendered":"<p>                    Berlin &amp; Brandenburg<br \/>\n                Gegenproteste gegen erneuten rechten Aufmarsch in Berlin<\/p>\n<p>\t\t\t\t              01.06.2025, 14:34 Uhr<\/p>\n<p><strong>Erneut wollen Rechtsextreme durch Berlin marschieren. Am Rosa-Luxemburg-Platz versammelten sich gegen Mittag bereits Dutzende Gegendemonstranten. Auch andernorts sind Proteste geplant.<\/strong><\/p>\n<p>Berlin (dpa\/bb) &#8211; Mehrere hundert Menschen haben sich in der N\u00e4he des Rosa-Luxemburg-Platzes versammelt, um gegen einen Aufmarsch von Rechtsextremen in Berlin-Mitte zu demonstrieren. Laut Polizei kamen rund 250 Teilnehmerinnen und Teilnehmer. Angemeldet worden war der Protest von der Partei Die Linke.\u00a0<\/p>\n<p>Weitere Gegenproteste waren in Lichterfelde und am Abend am Berliner Ostkreuz geplant. Die Gegendemo in Mitte sollte durch das Scheunenviertel \u00fcber die Torstra\u00dfe bis zur Invalidenstra\u00dfe verlaufen.\u00a0<\/p>\n<p>60 Teilnehmer bei Aufmarsch<\/p>\n<p>Der Aufmarsch der Rechten startete am fr\u00fchen Nachmittag laut Polizei mit rund 60 Teilnehmerinnen und Teilnehmern. Ihre Route war ausgehend vom U-Bahnhof Schillingstra\u00dfe in der N\u00e4he des Alexanderplatzes bis zum Nordbahnhof geplant.\u00a0<\/p>\n<p>In den vergangenen Monaten gab es in Berlin mehrere Aufm\u00e4rsche von Neonazis. Immer wieder kam es dabei auch zu Auseinandersetzungen zwischen der Polizei und Gegendemonstranten, die versuchten, die Aufm\u00e4rsche zu blockieren.<\/p>\n","protected":false},"excerpt":{"rendered":"Berlin &amp; Brandenburg Gegenproteste gegen erneuten rechten Aufmarsch in Berlin 01.06.2025, 14:34 Uhr Erneut wollen Rechtsextreme durch Berlin&hellip;\n","protected":false},"author":2,"featured_media":156682,"comment_status":"","ping_status":"","sticky":false,"template":"","format":"standard","meta":{"footnotes":""},"categories":[1816],"tags":[1960,1958,1959,1957,15689,296,1956,1890,29,55060,30],"class_list":{"0":"post-156681","1":"post","2":"type-post","3":"status-publish","4":"format-standard","5":"has-post-thumbnail","7":"category-brandenburg","8":"tag-aktuelle-nachrichten-aus-berlin-und-brandenburg","9":"tag-aktuelle-nachrichten-aus-brandenburg","10":"tag-aktuelle-news-aus-berlin-und-brandenburg","11":"tag-aktuelle-news-aus-brandenburg","12":"tag-aufmarsch","13":"tag-berlin","14":"tag-berlin-und-brandenburg","15":"tag-brandenburg","16":"tag-deutschland","17":"tag-gegenproteste","18":"tag-germany"},"share_on_mastodon":{"url":"https:\/\/pubeurope.com\/@de\/114608151506282003","error":""},"_links":{"self":[{"href":"https:\/\/www.europesays.com\/de\/wp-json\/wp\/v2\/posts\/156681","targetHints":{"allow":["GET"]}}],"collection":[{"href":"https:\/\/www.europesays.com\/de\/wp-json\/wp\/v2\/posts"}],"about":[{"href":"https:\/\/www.europesays.com\/de\/wp-json\/wp\/v2\/types\/post"}],"author":[{"embeddable":true,"href":"https:\/\/www.europesays.com\/de\/wp-json\/wp\/v2\/users\/2"}],"replies":[{"embeddable":true,"href":"https:\/\/www.europesays.com\/de\/wp-json\/wp\/v2\/comments?post=156681"}],"version-history":[{"count":0,"href":"https:\/\/www.europesays.com\/de\/wp-json\/wp\/v2\/posts\/156681\/revisions"}],"wp:featuredmedia":[{"embeddable":true,"href":"https:\/\/www.europesays.com\/de\/wp-json\/wp\/v2\/media\/156682"}],"wp:attachment":[{"href":"https:\/\/www.europesays.com\/de\/wp-json\/wp\/v2\/media?parent=156681"}],"wp:term":[{"taxonomy":"category","embeddable":true,"href":"https:\/\/www.europesays.com\/de\/wp-json\/wp\/v2\/categories?post=156681"},{"taxonomy":"post_tag","embeddable":true,"href":"https:\/\/www.europesays.com\/de\/wp-json\/wp\/v2\/tags?post=156681"}],"curies":[{"name":"wp","href":"https:\/\/api.w.org\/{rel}","templated":true}]}}