{"id":156693,"date":"2025-06-01T12:44:12","date_gmt":"2025-06-01T12:44:12","guid":{"rendered":"https:\/\/www.europesays.com\/de\/156693\/"},"modified":"2025-06-01T12:44:12","modified_gmt":"2025-06-01T12:44:12","slug":"eric-dane-nach-als-diagnose-er-geniesst-dinner-mit-tochte-billie","status":"publish","type":"post","link":"https:\/\/www.europesays.com\/de\/156693\/","title":{"rendered":"Eric Dane: Nach ALS-Diagnose! Er genie\u00dft Dinner mit Tochte Billie"},"content":{"rendered":"<p>Erica Dane<br \/>\nAn ALS erkrankter Schauspieler genie\u00dft Dinner mit Tochter Billie<\/p>\n<p><img class=\"image image-element__image\"   src=\"https:\/\/www.europesays.com\/de\/wp-content\/uploads\/2025\/06\/eric-dane-2.jpg\" alt=\"Eric Dane mit seinen zwei T\u00f6chtern Georgia und Billie\" decoding=\"async\" fetchpriority=\"high\" loading=\"eager\"\/><br \/>\n<a href=\"https:\/\/image.gala.de\/24350542\/t\/oa\/v3\/w2048\/r1.5\/-\/eric-dane-2.jpg#Eric%20Charbonneau%20%2F%20Getty%20Images\" class=\"image__magnifier\" aria-label=\"Vergr\u00f6\u00dfern\" rel=\"nofollow noopener\" target=\"_blank\"><\/p>\n<p> <a href=\"https:\/\/www.gala.de\/stars\/starportraets\/eric-dane-20493126.html\" data-article-type=\"star-portrait\" rel=\"nofollow noopener\" target=\"_blank\">Eric Dane<\/a> mit seinen zwei T\u00f6chtern Georgia und Billie <\/p>\n<p>\u00a9 Eric Charbonneau \/ Getty Images<\/p>\n<p>\nEric Dane hat im April seine ALS-Erkrankung \u00f6ffentlich gemacht. In dieser Zeit kann sich der Hollywoodstar voll und ganz auf seine Familie verlassen. Jetzt genie\u00dft er ein Dinner mit seiner Tochter Billie.\n<\/p>\n<p class=\"text-element u-richtext u-typo u-typo--article-text article__text-element text-element--context-article\"> Anfang April hat <a class=\"link--person\" data-target-type=\"article\" href=\"https:\/\/www.gala.de\/stars\/starportraets\/eric-dane-20493126.html\" rel=\"nofollow noopener\" target=\"_blank\">Eric Dane<\/a>, 52, seine ALS-Erkrankung \u00f6ffentlich gemacht. &#8222;Ich bin dankbar, meine liebevolle Familie an meiner Seite zu haben, w\u00e4hrend wir dieses neue Kapitel durchstehen&#8220;, erkl\u00e4rte der an der unheilbaren Nervenkrankheit leidende Hollywoodstar im Gespr\u00e4ch mit &#8222;People&#8220;.<\/p>\n<p class=\"text-element u-richtext u-typo u-typo--article-text article__text-element text-element--context-article\"> Seit der Bekanntgabe seiner Diagnose hat sich der &#8222;Grey&#8217;s Anatomy&#8220;-Star nur selten in der \u00d6ffentlichkeit gezeigt. Nun unternimmt er allerdings einen Ausflug mit seiner Tochter Billie Beatrice, 15.<\/p>\n<p>Eric Dane genie\u00dft Dinner mit Tochter Billie<\/p>\n<p class=\"text-element u-richtext u-typo u-typo--article-text article__text-element text-element--context-article\"> Am Donnerstag, 30. Mai 2025, wird Eric Dane in West Hollywood gesichtet, an seiner Seite \u2013 Tochter Billie. Vater und Kind besuchen das angesagte Restaurant Sushi Park. Dabei scheinen der &#8222;Euphoria&#8220;-Star und seine \u00c4lteste eine Menge Spa\u00df zu haben. Die beiden verlassen die Lokalit\u00e4t herzlich lachend.<\/p>\n<p><img class=\"image image-element__image\"   src=\"https:\/\/www.europesays.com\/de\/wp-content\/uploads\/2025\/06\/eric-dane.jpg\" alt=\"Eric Dane mit seiner Tochter Billie\" decoding=\"async\" fetchpriority=\"auto\" loading=\"lazy\"\/><br \/>\n<a href=\"https:\/\/image.gala.de\/24386824\/t\/oi\/v4\/w2048\/r1.5\/-\/eric-dane.jpg#Backgrid%20%2F%20Action%20Press\" class=\"image__magnifier\" aria-label=\"Vergr\u00f6\u00dfern\" rel=\"nofollow noopener\" target=\"_blank\"><\/p>\n<p> <a href=\"https:\/\/www.gala.de\/stars\/starportraets\/eric-dane-20493126.html\" data-article-type=\"star-portrait\" rel=\"nofollow noopener\" target=\"_blank\">Eric Dane<\/a> mit seiner Tochter Billie <\/p>\n<p>\u00a9 Backgrid \/ Action Press<\/p>\n<p class=\"text-element u-richtext u-typo u-typo--article-text article__text-element text-element--context-article\"> Auch als die 15-J\u00e4hrige mit ihrem Handy besch\u00e4ftigt ist, l\u00e4chelt Papa Eric sie am\u00fcsiert an. Das Sushi-Restaurant geh\u00f6rt offenbar zu Danes Lieblingsl\u00e4den. Denn dort hat er auch schon mit\u00a0Priya Jain, 27, zu Abend gegessen. Mit der Schauspielerin wurde der 52-J\u00e4hrige zuletzt gesichtet.<\/p>\n<p>&#8222;Grey&#8217;s Anatomy&#8220;-Star wurde mit junger Schauspielerin gesichtet<\/p>\n<p class=\"text-element u-richtext u-typo u-typo--article-text article__text-element text-element--context-article\"> Eric Danes Ehefrau\u00a0<a class=\"\" data-target-type=\"article\" href=\"https:\/\/www.gala.de\/stars\/themen\/rebecca-gayheart-20954204.html\" rel=\"nofollow noopener\" target=\"_blank\">Rebecca Gayheart<\/a>, 53, mit der er auch Tochter Georgia Geraldine, 13, hat, hatte 2018 die Scheidung eingereicht, welche die Ehe-Leute im M\u00e4rz dieses Jahres jedoch zur\u00fcckzogen.\u00a0&#8222;Wir sind die besten Freunde. Wir sind uns wirklich nahe. Wir sind gro\u00dfartige Co-Eltern&#8220;, betonte sie vor mehreren Wochen gegen\u00fcber &#8222;E! News&#8220;.<\/p>\n<p><img class=\"image teaser__image\"   src=\"https:\/\/www.europesays.com\/de\/wp-content\/uploads\/2025\/06\/eric-dane-teaser.jpg\" alt=\"Priya Jain und Eric Dane\" decoding=\"async\" fetchpriority=\"auto\" loading=\"lazy\"\/><\/p>\n<p><a href=\"https:\/\/www.gala.de\/stars\/news\/eric-dane--trotz-abgesagter-scheidung--er-zeigt-sich-mit-neuer-frau-24362646.html\" class=\"teaser__link js-embedded-teaser teaser__link--overlay\" rel=\"nofollow noopener\" target=\"_blank\"><br \/>\nNach zur\u00fcckgezogener Scheidung<br \/>\nEric Dane zeigt sich mit j\u00fcngerer Frau<br \/>\n<\/a> <\/p>\n<p class=\"text-element u-richtext u-typo u-typo--article-text article__text-element text-element--context-article\"> Kurz darauf wird der Hollywoodstar erneut mit Priya Jain gesehen. Ende April schlenderten sie gemeinsam durch die Stra\u00dfen von Beverly Hills. Zuvor wurden sie im Februar Arm in Arm in Los Angeles gesehen. Zum ersten Mal wurden Dane und die 27-J\u00e4hrige im November vergangenen Jahres in besagtem Sushi-Restaurant abgelichtet.<\/p>\n<p class=\"text-element u-richtext u-typo u-typo--article-text article__text-element text-element--context-article\"> Verwendete Quellen: actionpress.de, people.com, eonline.com<\/p>\n<p>\nsti<br \/>\nGala\n<\/p>\n<p>#Themen<\/p>\n","protected":false},"excerpt":{"rendered":"Erica Dane An ALS erkrankter Schauspieler genie\u00dft Dinner mit Tochter Billie Eric Dane mit seinen zwei T\u00f6chtern Georgia&hellip;\n","protected":false},"author":2,"featured_media":156694,"comment_status":"","ping_status":"","sticky":false,"template":"","format":"standard","meta":{"footnotes":""},"categories":[1776],"tags":[1801,29,214,30,1802,215],"class_list":{"0":"post-156693","1":"post","2":"type-post","3":"status-publish","4":"format-standard","5":"has-post-thumbnail","7":"category-prominente","8":"tag-celebrities","9":"tag-deutschland","10":"tag-entertainment","11":"tag-germany","12":"tag-prominente","13":"tag-unterhaltung"},"share_on_mastodon":{"url":"https:\/\/pubeurope.com\/@de\/114608175320534909","error":""},"_links":{"self":[{"href":"https:\/\/www.europesays.com\/de\/wp-json\/wp\/v2\/posts\/156693","targetHints":{"allow":["GET"]}}],"collection":[{"href":"https:\/\/www.europesays.com\/de\/wp-json\/wp\/v2\/posts"}],"about":[{"href":"https:\/\/www.europesays.com\/de\/wp-json\/wp\/v2\/types\/post"}],"author":[{"embeddable":true,"href":"https:\/\/www.europesays.com\/de\/wp-json\/wp\/v2\/users\/2"}],"replies":[{"embeddable":true,"href":"https:\/\/www.europesays.com\/de\/wp-json\/wp\/v2\/comments?post=156693"}],"version-history":[{"count":0,"href":"https:\/\/www.europesays.com\/de\/wp-json\/wp\/v2\/posts\/156693\/revisions"}],"wp:featuredmedia":[{"embeddable":true,"href":"https:\/\/www.europesays.com\/de\/wp-json\/wp\/v2\/media\/156694"}],"wp:attachment":[{"href":"https:\/\/www.europesays.com\/de\/wp-json\/wp\/v2\/media?parent=156693"}],"wp:term":[{"taxonomy":"category","embeddable":true,"href":"https:\/\/www.europesays.com\/de\/wp-json\/wp\/v2\/categories?post=156693"},{"taxonomy":"post_tag","embeddable":true,"href":"https:\/\/www.europesays.com\/de\/wp-json\/wp\/v2\/tags?post=156693"}],"curies":[{"name":"wp","href":"https:\/\/api.w.org\/{rel}","templated":true}]}}