{"id":156698,"date":"2025-06-01T12:47:12","date_gmt":"2025-06-01T12:47:12","guid":{"rendered":"https:\/\/www.europesays.com\/de\/156698\/"},"modified":"2025-06-01T12:47:12","modified_gmt":"2025-06-01T12:47:12","slug":"anna-unterberger-bekommt-es-nach-ard-krimi-schwarz-auf-weiss","status":"publish","type":"post","link":"https:\/\/www.europesays.com\/de\/156698\/","title":{"rendered":"Anna Unterberger bekommt es nach ARD-Krimi schwarz auf wei\u00df"},"content":{"rendered":"<p>Beim ZDF mussten die TV-Zuschauer auf ihren geliebten Krimi am Samstagabend (31. Mai)  verzichten. Der Sender r\u00e4umte den Platz zur Primetime f\u00fcr das Champions-League-Finale. Hier bekamen Zuschauer keinen Krimi, sondern eine Vorf\u00fchrung geboten, denn Paris Saint-Germain bezwang Inter Mailand spielerisch leicht mit 5:0 und holte sich erstmals in der Vereinsgeschichte den Titel (<a href=\"https:\/\/www.derwesten.de\/sport\/fussball\/psg-paris-inter-mailand-champions-league-finale-id301607107.html\" target=\"_blank\" rel=\"noopener\">hier alle Einzelheiten zum Spiel<\/a>).  <\/p>\n<p>Wer auf Fu\u00dfball keine Lust hatte, schaltete einfach um zur ARD. Im Ersten waren wieder die Ermittlerqualit\u00e4ten von Sascha Bergmann (Hary Prinz) und Anni Sulmtaler (Anna Unterberger) ben\u00f6tigt. W\u00e4hrend es in dem Fall \u201eSteirerrausch\u201c um einen grausamen Mord geht, folgt f\u00fcr die Schauspieler die frohe Botschaft am n\u00e4chsten Morgen. <\/p>\n<p>Anna Unterberger muss Geheimnis aufdecken<\/p>\n<p>In einem Kloster am Fu\u00dfe der Treppe zur Bibliothek wurde die Leiche der Kunstgeschichtsstudentin Lara Babic gefunden. Die Obduktion der Leiche zeigt klar, dass es sich hier nicht um einen Unfall, sondern um Mord gehandelt hat. Im Zuge ihrer Masterarbeit ist die junge Frau beim Studieren der mittelalterlichen Stundenb\u00fccher offenbar auf ein gut geh\u00fctetes Geheimnis gesto\u00dfen. Damit es auch ein bleiben w\u00fcrde, musste sie offenbar sterben.<\/p>\n<p>+++ <a href=\"https:\/\/www.derwesten.de\/region\/krimi-nrw-tv-kulisse-verkauf-wilsberg-id301586522.html\" target=\"_blank\" rel=\"noopener\">Hammer f\u00fcr Krimi-Fans in NRW! Ber\u00fchmte TV-Kulisse wird verkauft<\/a> +++<\/p>\n<p>Doch da haben die T\u00e4ter die Rechnung nicht mit den Kommissaren Sascha Bergmann und Anni Sulmtaler gemacht \u2013 es war ihr f\u00fcnfter gemeinsamer Fall. Und bereits vor der Ausstrahlung am Samstag werden einige <a href=\"https:\/\/www.derwesten.de\/themen\/ard\" target=\"_blank\" rel=\"noopener\">ARD<\/a>-Zuschauer die Aufl\u00f6sung schon gekannt haben. Denn bei der Folge handelte es sich um eine Wiederholung aus dem Jahr 2021. Doch offenbar haben noch nicht alle den Fall gesehen oder wollten die beiden Schauspieler Hary Prinz und Anna Unterberger nochmal zusammen in Aktion sehen. <\/p>\n<p>Anna Unterberger beschert ARD gute Quoten<\/p>\n<p>Zumindest deuten die guten Einschaltquoten daraufhin. 3,81 Millionen Menschen schalteten ein, was laut \u201eDWDL\u201c beim Gesamtpublikum einem Marktanteil von starken 18,4 Prozent entsprach. Selbst das j\u00fcngere Publikum bei den 14- bis 49-J\u00e4hrigen lag bei 8 Prozent Einschaltquote. Damit musste sich die ARD zur Primetime nur wie erwartbar dem CL-Finale im ZDF geschlagen geben.<\/p>\n<p>Und f\u00fcr alle Krimi-Fans gibt es noch weitere gute Neuigkeiten. Denn zwei weitere Filme der Steirer \u201eLandkrimis\u201c sind bereits abgedreht, ihre Ausstrahlungstermine stehen jedoch noch nicht fest.<\/p>\n","protected":false},"excerpt":{"rendered":"Beim ZDF mussten die TV-Zuschauer auf ihren geliebten Krimi am Samstagabend (31. Mai) verzichten. Der Sender r\u00e4umte den&hellip;\n","protected":false},"author":2,"featured_media":156699,"comment_status":"","ping_status":"","sticky":false,"template":"","format":"standard","meta":{"footnotes":""},"categories":[1773],"tags":[223,29,214,30,471,1780,215],"class_list":{"0":"post-156698","1":"post","2":"type-post","3":"status-publish","4":"format-standard","5":"has-post-thumbnail","7":"category-serien","8":"tag-ard","9":"tag-deutschland","10":"tag-entertainment","11":"tag-germany","12":"tag-serien","13":"tag-series","14":"tag-unterhaltung"},"share_on_mastodon":{"url":"https:\/\/pubeurope.com\/@de\/114608186843043948","error":""},"_links":{"self":[{"href":"https:\/\/www.europesays.com\/de\/wp-json\/wp\/v2\/posts\/156698","targetHints":{"allow":["GET"]}}],"collection":[{"href":"https:\/\/www.europesays.com\/de\/wp-json\/wp\/v2\/posts"}],"about":[{"href":"https:\/\/www.europesays.com\/de\/wp-json\/wp\/v2\/types\/post"}],"author":[{"embeddable":true,"href":"https:\/\/www.europesays.com\/de\/wp-json\/wp\/v2\/users\/2"}],"replies":[{"embeddable":true,"href":"https:\/\/www.europesays.com\/de\/wp-json\/wp\/v2\/comments?post=156698"}],"version-history":[{"count":0,"href":"https:\/\/www.europesays.com\/de\/wp-json\/wp\/v2\/posts\/156698\/revisions"}],"wp:featuredmedia":[{"embeddable":true,"href":"https:\/\/www.europesays.com\/de\/wp-json\/wp\/v2\/media\/156699"}],"wp:attachment":[{"href":"https:\/\/www.europesays.com\/de\/wp-json\/wp\/v2\/media?parent=156698"}],"wp:term":[{"taxonomy":"category","embeddable":true,"href":"https:\/\/www.europesays.com\/de\/wp-json\/wp\/v2\/categories?post=156698"},{"taxonomy":"post_tag","embeddable":true,"href":"https:\/\/www.europesays.com\/de\/wp-json\/wp\/v2\/tags?post=156698"}],"curies":[{"name":"wp","href":"https:\/\/api.w.org\/{rel}","templated":true}]}}