{"id":156711,"date":"2025-06-01T12:54:11","date_gmt":"2025-06-01T12:54:11","guid":{"rendered":"https:\/\/www.europesays.com\/de\/156711\/"},"modified":"2025-06-01T12:54:11","modified_gmt":"2025-06-01T12:54:11","slug":"schon-heute-miles-more-schaltet-online-buchung-ab-leben-wissen","status":"publish","type":"post","link":"https:\/\/www.europesays.com\/de\/156711\/","title":{"rendered":"Schon heute: \u201eMiles &#038; More\u201c schaltet Online-Buchung ab | Leben &#038; Wissen"},"content":{"rendered":"<p> An dieser Stelle findest du den Text-to-Speech Player<\/p>\n<p> Um den TTS Player darzustellen, brauchen wir deine Zustimmung. <\/p>\n<p> externen Inhalt aktivieren  Um eingebettete Inhalte anzuzeigen, ist Ihre jederzeit widerrufliche Einwilligung (\u00fcber den Schalter oder \u00fcber &#8220; <a class=\"embed-placeholder__text-link\" href=\"#\" rel=\"noopener noreferrer\" title=\"Tracking widerrufen\"> Widerruf Tracking und Cookies<\/a> &#8220; am Seitenende) zur Verarbeitung personenbezogener Daten n\u00f6tig.  Dabei k\u00f6nnen Daten in Drittl\u00e4nder wie die USA \u00fcbermittelt werden (Art. 49 Abs. 1 lit. a DSGVO). Mit dem Aktivieren des Inhalts stimmen Sie zu. Weitere Infos finden Sie <a class=\"embed-placeholder__text-link\" href=\"#\" rel=\"noopener noreferrer\" title=\"Zu den Privatsph\u00e4re Einstellungen\"> hier<\/a>. <\/p>\n<p><b>\u201eMiles &amp; More\u201c entwertet die Bonusmeilen von knapp 37 Millionen Kunden \u2013 und zwar deutlich: Ab dem 3. Juni gilt f\u00fcr Pr\u00e4mienfl\u00fcge mit Lufthansa, Swiss, Austrian Airlines und Lufthansa City ein neues, dynamisches Preismodell. Die bisherigen festen Meilenwerte werden abgeschafft.<\/b><\/p>\n<p>Auch interessant<\/p>\n<p>Anzeige<\/p>\n<p>Auch interessant<\/p>\n<p>Anzeige<\/p>\n<p>Die Frust-\u00dcberraschung am heutigen Sonntag: Die Online-Buchung der Pr\u00e4mien ist ab sofort nicht mehr m\u00f6glich. Die Felder zur Eingabe von Pramien-Fl\u00fcgen tauchen auch in der App nicht mehr auf.<\/p>\n<p><b>BILD hat \u201eMiles &amp; More\u201c angefragt \u2013\u00a0eine Frist lie\u00df die Pressestelle verstreichen. An der Hotline hie\u00df es nur lapidar: \u201eSie m\u00fcssen jetzt telefonisch buchen. Die Online-Buchung ist nicht mehr m\u00f6glich.\u201c<\/b><\/p>\n<p>\u25b6\ufe0e Was l\u00e4uft da schief? Seit Tagen kommunizierte die Lufthansa-Tochter so: Bereits am Montag, 2. Juni, um 6 Uhr morgens werde die Buchung nach den alten Konditionen auf der \u201eMiles &amp; More\u201c-Website deaktiviert.<\/p>\n<p>\u25b6\ufe0e Was also tun, um die Lufthansa-Entwertung zu umgehen? Die Hotline funktioniert, die Wartezeit lag bei einem BILD-Test \u201enur\u201c bei 20 Minuten.<\/p>\n<p><b>BILD hat mehrere Service-Artikel rund um das brisante \u201eMiles &amp; More\u201c-Thema zusammengestellt \u2013 damit Meilensammler jetzt die richtigen Entscheidungen treffen k\u00f6nnen. Sogar ein BILD-Sorglos-Paket gibt es. Hier finden Sie alles:<\/b><\/p>\n<p><a class=\"article-image__anchor\" href=\"https:\/\/www.bild.de\/leben-wissen\/sparfochs\/lufthansa-tipp-miles-more-fluege-zum-sweetspot-afrika-6835d1ba5f7a8d25a5be42c1\" target=\"false\" rel=\"false noopener\"><img decoding=\"async\" width=\"992\" height=\"558\" alt=\"Teaser-Bild\" src=\"https:\/\/www.europesays.com\/de\/wp-content\/uploads\/2025\/06\/39beb05168499fae55114e86458e567a,2c34b1d2\"   class=\"landscape\" loading=\"lazy\"\/><\/a><\/p>\n<p>Foto: Lufthansa<\/p>\n<p><a class=\"article-image__anchor\" href=\"https:\/\/www.bild.de\/leben-wissen\/sparfochs\/miles-more-mit-dembild-paket-keine-sorgen-wegen-meilenentwertung-68237542700e7511edfc28a6\" target=\"false\" rel=\"false noopener\"><img decoding=\"async\" width=\"992\" height=\"558\" alt=\"Teaser-Bild\" src=\"https:\/\/www.europesays.com\/de\/wp-content\/uploads\/2025\/06\/6e36538b96ade5a9f0b53433b963f74e,8b3df904\"   class=\"landscape\" loading=\"lazy\"\/><\/a><\/p>\n<p>Foto: Michael H\u00fcbner, imago images\/Action Pictures<\/p>\n<p><a class=\"article-image__anchor\" href=\"https:\/\/www.bild.de\/leben-wissen\/sparfochs\/lufthansa-aendert-miles-more-programm-so-retten-sie-bonusmeilen-68188a126255e217f6c18b30\" target=\"false\" rel=\"false noopener\"><img decoding=\"async\" width=\"992\" height=\"558\" alt=\"Teaser-Bild\" src=\"https:\/\/www.europesays.com\/de\/wp-content\/uploads\/2025\/06\/1b92710b6d48a76b3f0f41746ee6c7d7,c7a81cff\"   class=\"landscape\" loading=\"lazy\"\/><\/a><\/p>\n<p>Foto: Lufthansa<\/p>\n<p>Verschlechterung ab 3. Juni: Wie stoppe ich die Entwertung meiner Lufthansa-Meilen?<a href=\"https:\/\/www.bild.de\/leben-wissen\/sparfochs\/verschlechterung-ab-3-juni-wie-stoppe-ich-die-entwertung-meiner-lufthansa-meilen-681e0b678d9e9b378e8d0972\" class=\"anchor\" target=\"_blank\" rel=\"noopener\"><img decoding=\"async\" width=\"992\" height=\"558\" alt=\"Teaser-Bild\" src=\"https:\/\/www.europesays.com\/de\/wp-content\/uploads\/2025\/06\/3bf6b874e4d698e9bc04d380a83827a1,d3eb314a\"   class=\"landscape teaser__image\" loading=\"lazy\"\/><\/a><\/p>\n<p>Quelle: Bild30.05.2025<\/p>\n","protected":false},"excerpt":{"rendered":"An dieser Stelle findest du den Text-to-Speech Player Um den TTS Player darzustellen, brauchen wir deine Zustimmung. externen&hellip;\n","protected":false},"author":2,"featured_media":156712,"comment_status":"","ping_status":"","sticky":false,"template":"","format":"standard","meta":{"footnotes":""},"categories":[134],"tags":[41732,55064,175,170,169,162,29,10250,40805,24290,30,2108,171,174,45,173,172],"class_list":{"0":"post-156711","1":"post","2":"type-post","3":"status-publish","4":"format-standard","5":"has-post-thumbnail","7":"category-unternehmen-maerkte","8":"tag-bonusmeilen","9":"tag-bonusmeilen-affaere","10":"tag-business","11":"tag-companies","12":"tag-companies-markets","13":"tag-coronavirus","14":"tag-deutschland","15":"tag-dubai","16":"tag-flug","17":"tag-flugreise","18":"tag-germany","19":"tag-lufthansa","20":"tag-markets","21":"tag-maerkte","22":"tag-texttospeech","23":"tag-unternehmen","24":"tag-unternehmen-maerkte"},"share_on_mastodon":{"url":"https:\/\/pubeurope.com\/@de\/114608214529584188","error":""},"_links":{"self":[{"href":"https:\/\/www.europesays.com\/de\/wp-json\/wp\/v2\/posts\/156711","targetHints":{"allow":["GET"]}}],"collection":[{"href":"https:\/\/www.europesays.com\/de\/wp-json\/wp\/v2\/posts"}],"about":[{"href":"https:\/\/www.europesays.com\/de\/wp-json\/wp\/v2\/types\/post"}],"author":[{"embeddable":true,"href":"https:\/\/www.europesays.com\/de\/wp-json\/wp\/v2\/users\/2"}],"replies":[{"embeddable":true,"href":"https:\/\/www.europesays.com\/de\/wp-json\/wp\/v2\/comments?post=156711"}],"version-history":[{"count":0,"href":"https:\/\/www.europesays.com\/de\/wp-json\/wp\/v2\/posts\/156711\/revisions"}],"wp:featuredmedia":[{"embeddable":true,"href":"https:\/\/www.europesays.com\/de\/wp-json\/wp\/v2\/media\/156712"}],"wp:attachment":[{"href":"https:\/\/www.europesays.com\/de\/wp-json\/wp\/v2\/media?parent=156711"}],"wp:term":[{"taxonomy":"category","embeddable":true,"href":"https:\/\/www.europesays.com\/de\/wp-json\/wp\/v2\/categories?post=156711"},{"taxonomy":"post_tag","embeddable":true,"href":"https:\/\/www.europesays.com\/de\/wp-json\/wp\/v2\/tags?post=156711"}],"curies":[{"name":"wp","href":"https:\/\/api.w.org\/{rel}","templated":true}]}}