{"id":156714,"date":"2025-06-01T12:56:14","date_gmt":"2025-06-01T12:56:14","guid":{"rendered":"https:\/\/www.europesays.com\/de\/156714\/"},"modified":"2025-06-01T12:56:14","modified_gmt":"2025-06-01T12:56:14","slug":"on-fotoaktion-auf-dem-gartenfest-die-schoensten-huete-von-freitag","status":"publish","type":"post","link":"https:\/\/www.europesays.com\/de\/156714\/","title":{"rendered":"O|N Fotoaktion auf dem Gartenfest &#8211; Die sch\u00f6nsten H\u00fcte von Freitag"},"content":{"rendered":"<p>                <a class=\"fancybox\" data-fancybox=\"galerie\" data-caption=\"Wer tr\u00e4gt den sch\u00f6nsten Hut?   - Fotos: Carina Jirsch\" rel=\"on_group noopener\" title=\"Wer tr\u00e4gt den sch\u00f6nsten Hut?   - Fotos: Carina Jirsch\" href=\"https:\/\/oshessen-news.b-cdn.net\/images\/25\/05\/xl\/1748627149-11777124-carinajirsch184.jpeg\" target=\"_blank\"><img decoding=\"async\" class=\"img-responsive\" style=\"width: 728px; margin-top: 0; border:0;\" src=\"https:\/\/www.europesays.com\/de\/wp-content\/uploads\/2025\/06\/1748627149-11777124-carinajirsch184.jpeg\" title=\"Wer tr\u00e4gt den sch\u00f6nsten Hut? \" onerror=\"imgError(this);\"\/><\/p>\n<p>Wer tr\u00e4gt den sch\u00f6nsten Hut?  &#8211; Fotos: Carina Jirsch<\/p>\n<p>\n                    <strong>EICHENZELL<\/strong><br \/>\n                    Bilderserie von Carina Jirsch (2)\n                <\/p>\n<p>01.06.25 &#8211; <strong>In diesem Jahr gibt es ein besonderes Jubil\u00e4um zu feiern: seit 25 Jahren wird das F\u00fcrstliche Gartenfest auf Schloss Fasanerie bei Eichenzell veranstaltet. Hessens sch\u00f6nstes Barockschloss hat also die Tore ge\u00f6ffnet. Auch am Freitag &#8211; Tag 2 &#8211; str\u00f6men die Besucher auf das wundersch\u00f6ne Gel\u00e4nde.<br \/><\/strong><\/p>\n<p><a class=\"fancybox\" data-fancybox=\"galerie\" data-caption=\"25 Jahre F\u00fcrstliches Gartenfest\" rel=\"on_group noopener\" title=\"25 Jahre F\u00fcrstliches Gartenfest\" href=\"https:\/\/oshessen-news.b-cdn.net\/images\/25\/05\/xl\/11777124-carinajirsch182.jpeg\" target=\"_blank\"><img decoding=\"async\" class=\"img220 imgh159 imgbdr\" src=\"https:\/\/www.europesays.com\/de\/wp-content\/uploads\/2025\/06\/11777124-carinajirsch182.jpeg\"\/><\/a><\/p>\n<p class=\"img-text\">25 Jahre F\u00fcrstliches Gartenfest <\/p>\n<p><a class=\"fancybox\" data-fancybox=\"galerie\" data-caption=\"\" rel=\"on_group noopener\" title=\"\" href=\"https:\/\/oshessen-news.b-cdn.net\/images\/25\/05\/xl\/11777124-carinajirsch153.jpeg\" target=\"_blank\"><img decoding=\"async\" class=\"img220 imgh159 imgbdr\" src=\"https:\/\/www.europesays.com\/de\/wp-content\/uploads\/2025\/06\/11777124-carinajirsch153.jpeg\"\/><\/a><a class=\"fancybox\" data-fancybox=\"galerie\" data-caption=\"\" rel=\"on_group noopener\" title=\"\" href=\"https:\/\/oshessen-news.b-cdn.net\/images\/25\/05\/xl\/11777124-carinajirsch139.jpeg\" target=\"_blank\"><img decoding=\"async\" class=\"img220 imgh159 imgbdr\" src=\"https:\/\/www.europesays.com\/de\/wp-content\/uploads\/2025\/06\/11777124-carinajirsch139.jpeg\"\/><\/a><a class=\"fancybox\" data-fancybox=\"galerie\" data-caption=\"\" rel=\"on_group noopener\" title=\"\" href=\"https:\/\/oshessen-news.b-cdn.net\/images\/25\/05\/xl\/11777124-carinajirsch165.jpeg\" target=\"_blank\"><img decoding=\"async\" class=\"img220 imgh159 imgbdr\" src=\"https:\/\/www.europesays.com\/de\/wp-content\/uploads\/2025\/06\/11777124-carinajirsch165.jpeg\"\/><\/a><a class=\"fancybox\" data-fancybox=\"galerie\" data-caption=\"\" rel=\"on_group noopener\" title=\"\" href=\"https:\/\/oshessen-news.b-cdn.net\/images\/25\/05\/xl\/11777124-carinajirsch218.jpeg\" target=\"_blank\"><img decoding=\"async\" class=\"img220 imgh159 imgbdr\" src=\"https:\/\/www.europesays.com\/de\/wp-content\/uploads\/2025\/06\/11777124-carinajirsch218.jpeg\"\/><\/a><a class=\"fancybox\" data-fancybox=\"galerie\" data-caption=\"\" rel=\"on_group noopener\" title=\"\" href=\"https:\/\/oshessen-news.b-cdn.net\/images\/25\/05\/xl\/11777124-carinajirsch147.jpeg\" target=\"_blank\"><img decoding=\"async\" class=\"img220 imgh159 imgbdr\" src=\"https:\/\/www.europesays.com\/de\/wp-content\/uploads\/2025\/06\/11777124-carinajirsch147.jpeg\"\/><\/a><\/p>\n<p>Jeder, der schon einmal beim F\u00fcrstlichen Gartenfest war, wei\u00df, dass ein Gro\u00dfteil der Besucher immer wieder mit originellen Outfits und gro\u00dfartigen H\u00fcten die Blicke auf sich zieht. Aus genau diesem Grund hat <strong>OSTHESSEN|NEWS<\/strong> vor vielen Jahren die Fotoaktion &#8222;Wer tr\u00e4gt den sch\u00f6nsten Hut?&#8220; ins Leben gerufen.<\/p>\n<p><strong>O|N<\/strong>-Fotografin Carina Jirsch schoss wieder tolle Erinnerungsfotos. (nia) +++<\/p>\n<p>                               \u2193\u2193  alle 15 Artikel anzeigen \u2193\u2193<\/p>\n<p><\/p>\n","protected":false},"excerpt":{"rendered":"Wer tr\u00e4gt den sch\u00f6nsten Hut? &#8211; Fotos: Carina Jirsch EICHENZELL Bilderserie von Carina Jirsch (2) 01.06.25 &#8211; In&hellip;\n","protected":false},"author":2,"featured_media":156715,"comment_status":"","ping_status":"","sticky":false,"template":"","format":"standard","meta":{"footnotes":""},"categories":[2],"tags":[6193,6195,29,6197,6192,30,13,2052,1381,14,6196,15,6194,12,10,8,9,11],"class_list":{"0":"post-156714","1":"post","2":"type-post","3":"status-publish","4":"format-standard","5":"has-post-thumbnail","7":"category-deutschland","8":"tag-alsfeld","9":"tag-bad-hersfeld","10":"tag-deutschland","11":"tag-flieden","12":"tag-fulda","13":"tag-germany","14":"tag-headlines","15":"tag-hessen","16":"tag-lauterbach","17":"tag-nachrichten","18":"tag-neuhof","19":"tag-news","20":"tag-osthessen","21":"tag-schlagzeilen","22":"tag-top-news","23":"tag-top-meldungen","24":"tag-topmeldungen","25":"tag-topnews"},"share_on_mastodon":{"url":"https:\/\/pubeurope.com\/@de\/114608222417157734","error":""},"_links":{"self":[{"href":"https:\/\/www.europesays.com\/de\/wp-json\/wp\/v2\/posts\/156714","targetHints":{"allow":["GET"]}}],"collection":[{"href":"https:\/\/www.europesays.com\/de\/wp-json\/wp\/v2\/posts"}],"about":[{"href":"https:\/\/www.europesays.com\/de\/wp-json\/wp\/v2\/types\/post"}],"author":[{"embeddable":true,"href":"https:\/\/www.europesays.com\/de\/wp-json\/wp\/v2\/users\/2"}],"replies":[{"embeddable":true,"href":"https:\/\/www.europesays.com\/de\/wp-json\/wp\/v2\/comments?post=156714"}],"version-history":[{"count":0,"href":"https:\/\/www.europesays.com\/de\/wp-json\/wp\/v2\/posts\/156714\/revisions"}],"wp:featuredmedia":[{"embeddable":true,"href":"https:\/\/www.europesays.com\/de\/wp-json\/wp\/v2\/media\/156715"}],"wp:attachment":[{"href":"https:\/\/www.europesays.com\/de\/wp-json\/wp\/v2\/media?parent=156714"}],"wp:term":[{"taxonomy":"category","embeddable":true,"href":"https:\/\/www.europesays.com\/de\/wp-json\/wp\/v2\/categories?post=156714"},{"taxonomy":"post_tag","embeddable":true,"href":"https:\/\/www.europesays.com\/de\/wp-json\/wp\/v2\/tags?post=156714"}],"curies":[{"name":"wp","href":"https:\/\/api.w.org\/{rel}","templated":true}]}}