{"id":156716,"date":"2025-06-01T12:57:10","date_gmt":"2025-06-01T12:57:10","guid":{"rendered":"https:\/\/www.europesays.com\/de\/156716\/"},"modified":"2025-06-01T12:57:10","modified_gmt":"2025-06-01T12:57:10","slug":"nach-warnung-vor-militaereinsatz-china-kritisiert-us-aeusserung-zu-taiwan","status":"publish","type":"post","link":"https:\/\/www.europesays.com\/de\/156716\/","title":{"rendered":"Nach Warnung vor Milit\u00e4reinsatz: China kritisiert US-\u00c4u\u00dferung zu Taiwan"},"content":{"rendered":"<p class=\"metatextline\">Stand: 01.06.2025 13:26 Uhr<\/p>\n<p class=\"textabsatz columns twelve  m-ten  m-offset-one l-eight l-offset-two\">\n        <strong>China \u00e4rgert sich \u00fcber US-Verteidigungsminister Hegseth. Er verunglimpfe das Land. Hegseth hatte <a href=\"https:\/\/www.tagesschau.de\/ausland\/asien\/singapur-hegseth-besuch-100.html\" title=\"US-Minister Hegseth warnt vor Bedrohung durch China\" rel=\"nofollow noopener\" target=\"_blank\">China zuvor als Bedrohung im Indopazifischen Raum<\/a> bezeichnet und vor einem m\u00f6glichen Milit\u00e4reinsatz des Landes in Taiwan gewarnt.<\/strong>\n    <\/p>\n<p class=\"textabsatz m-ten m-offset-one l-eight l-offset-two columns twelve\">\nDie chinesische Regierung kritisiert Aussagen von US-Verteidigungsminister Pete Hegseth zur Lage im Indopazifik-Raum. Das Au\u00dfenministerium in Peking beschuldigte die USA in einer Erkl\u00e4rung, &#8222;Frieden und Stabilit\u00e4t im asiatisch-pazifischen Raum zu untergraben&#8220;.<\/p>\n<p class=\"textabsatz m-ten m-offset-one l-eight l-offset-two columns twelve\">\nPeking warnte die US-Regierung auch davor, sich in die Taiwan-Frage einzumischen. Das Thema sei eine &#8222;innere Angelegenheit&#8220; Chinas.<\/p>\n<p>    Hegseth: &#8222;Reale Bedrohung&#8220; durch China<\/p>\n<p class=\"textabsatz m-ten m-offset-one l-eight l-offset-two columns twelve\">\nPentagon-Chef Hegseth hatte am Samstag bei der Sicherheitskonferenz Shangri-La-Dialog in Singapur vor einem m\u00f6glichen chinesischen Milit\u00e4reinsatz gegen Taiwan gewarnt. &#8222;Chinas Armee \u00fcbt f\u00fcr den Ernstfall&#8220;, sagte er. Die Bedrohung durch das Land sei real und k\u00f6nne unmittelbar bevorstehen. Chinas Pr\u00e4sident Xi Jinping habe &#8222;seinem Milit\u00e4r befohlen, bis 2027 in der Lage zu sein&#8220;, in Taiwan einzumarschieren. Hegseths \u00c4u\u00dferungen zum Thema waren seine sch\u00e4rfsten seit seinem Amtsantritt im Januar.<\/p>\n<p class=\"textabsatz m-ten m-offset-one l-eight l-offset-two columns twelve\">\nDer chinesische Admiral Hu Gangfeng, Leiter der Delegation seines Landes bei der Sicherheitskonferenz in Singapur, nannte Hegseths Anschuldigungen &#8222;unbegr\u00fcndet&#8220;. Sie zielten nur darauf ab, &#8222;Konflikte zu provozieren&#8220; und den Asien-Pazifik-Raum zu destabilisieren.<\/p>\n<p>    USA und China: Angespannte Beziehungen<\/p>\n<p class=\"textabsatz m-ten m-offset-one l-eight l-offset-two columns twelve\">\nDer US-Verteidigungsminister hatte in seiner Rede asiatische Verb\u00fcndete auch aufgefordert, angesichts der &#8222;Bedrohung durch das kommunistische China&#8220; mehr Geld f\u00fcr ihre Verteidigung auszugeben. China wolle vorherrschende Macht in Asien werden und die gesamte Region kontrollieren, sagte er. Die USA streben laut Hegseth keinen Konflikt mit China an. &#8222;Aber wir werden uns nicht aus dieser kritischen Region verdr\u00e4ngen lassen. Und wir werden nicht zulassen, dass unsere Verb\u00fcndeten und Partner untergeordnet werden.&#8220;<\/p>\n<p class=\"textabsatz m-ten m-offset-one l-eight l-offset-two columns twelve\">\nDie Beziehungen zwischen den <a href=\"https:\/\/www.tagesschau.de\/ausland\/asien\/china-strategie-zollstreit-usa-100.html\" title=\"Chinas Hebel im Zollstreit mit den USA\" rel=\"nofollow noopener\" target=\"_blank\">USA und China sind derzeit wegen ihres Handelskonflikts<\/a> besonders angespannt. Die USA hatten Anfang April hohe Z\u00f6lle auf Importe aus China und anderen L\u00e4ndern verh\u00e4ngt, Peking reagierte mit Gegenz\u00f6llen. US-Pr\u00e4sident Donald Trump erh\u00f6hte daraufhin die Aufschl\u00e4ge auf chinesische Produkte. So wurden auf viele chinesische Lieferungen 145 Prozent Zoll f\u00e4llig. Im Gegenzug erhob China 125 Prozent Zoll auf die meisten US-Einfuhren.\u00a0Mitte Mai verst\u00e4ndigten sich Peking und Washington darauf, die gegenseitigen Z\u00f6lle f\u00fcr zun\u00e4chst 90 Tage stark zu reduzieren.<\/p>\n<p>    Chinas Verteidigungsminister fehlt bei Konferenz<\/p>\n<p class=\"textabsatz m-ten m-offset-one l-eight l-offset-two columns twelve\">\nChina z\u00e4hlt Taiwan zu seinem Territorium und betrachtet es als abtr\u00fcnnige Provinz, obwohl das Land seit Jahrzehnten eine von Peking unabh\u00e4ngige und demokratisch gew\u00e4hlte Regierung hat. Peking strebt eine Vereinigung mit der Inselrepublik an. China hatte bereits mit einem Milit\u00e4reinsatz gedroht, falls das nicht auf friedlichem Weg gelinge.<\/p>\n<p class=\"textabsatz m-ten m-offset-one l-eight l-offset-two columns twelve\">\nBei der Shangri-La-Sicherheitskonferenz in Singapur diskutieren jedes Jahr Hunderte Ministerinnen und Minister, Milit\u00e4rs und internationale Fachleute \u00fcber aktuelle Krisenherde und Bedrohungslagen. Anders als im vergangenen Jahr fehlte dieses Mal der chinesische Verteidigungsminister Dong Jun. Peking verzichtete Beobachtern zufolge damit bewusst auf ein m\u00f6gliches Treffen mit Hegseth.<\/p>\n<p>Hintergrund: China-Taiwan-Konflikt<\/p>\n<p>            Der Streit um Taiwans Status geht auf den chinesischen B\u00fcrgerkrieg zur\u00fcck, als die Truppen der nationalchinesischen Kuomintang nach ihrer Niederlage gegen die Kommunisten unter Mao Tsetung nach Taiwan fl\u00fcchteten. In Peking wurde 1949 die kommunistische Volksrepublik gegr\u00fcndet. Taiwan entwickelte sich als &#8222;Republik China&#8220; seit den 1990er-Jahren zu einer freiheitlichen Demokratie. <\/p>\n<p>Peking sieht die Insel jedoch als sein eigenes Territorium an. Mit seiner Ein-China-Doktrin fordert Peking, dass kein Land diplomatische und andere offizielle Beziehungen zu der Inselrepublik unterhalten darf, wenn es ein normales Verh\u00e4ltnis mit der Volksrepublik pflegen will.\n        <\/p>\n","protected":false},"excerpt":{"rendered":"Stand: 01.06.2025 13:26 Uhr China \u00e4rgert sich \u00fcber US-Verteidigungsminister Hegseth. Er verunglimpfe das Land. Hegseth hatte China zuvor&hellip;\n","protected":false},"author":2,"featured_media":156717,"comment_status":"","ping_status":"","sticky":false,"template":"","format":"standard","meta":{"footnotes":""},"categories":[5],"tags":[227,13,23604,4045,31593,14,15,12,650,10,8,9,11,64],"class_list":{"0":"post-156716","1":"post","2":"type-post","3":"status-publish","4":"format-standard","5":"has-post-thumbnail","7":"category-nachrichten","8":"tag-china","9":"tag-headlines","10":"tag-hegseth","11":"tag-konflikt","12":"tag-militaereinsatz","13":"tag-nachrichten","14":"tag-news","15":"tag-schlagzeilen","16":"tag-taiwan","17":"tag-top-news","18":"tag-top-meldungen","19":"tag-topmeldungen","20":"tag-topnews","21":"tag-usa"},"share_on_mastodon":{"url":"https:\/\/pubeurope.com\/@de\/114608226271559053","error":""},"_links":{"self":[{"href":"https:\/\/www.europesays.com\/de\/wp-json\/wp\/v2\/posts\/156716","targetHints":{"allow":["GET"]}}],"collection":[{"href":"https:\/\/www.europesays.com\/de\/wp-json\/wp\/v2\/posts"}],"about":[{"href":"https:\/\/www.europesays.com\/de\/wp-json\/wp\/v2\/types\/post"}],"author":[{"embeddable":true,"href":"https:\/\/www.europesays.com\/de\/wp-json\/wp\/v2\/users\/2"}],"replies":[{"embeddable":true,"href":"https:\/\/www.europesays.com\/de\/wp-json\/wp\/v2\/comments?post=156716"}],"version-history":[{"count":0,"href":"https:\/\/www.europesays.com\/de\/wp-json\/wp\/v2\/posts\/156716\/revisions"}],"wp:featuredmedia":[{"embeddable":true,"href":"https:\/\/www.europesays.com\/de\/wp-json\/wp\/v2\/media\/156717"}],"wp:attachment":[{"href":"https:\/\/www.europesays.com\/de\/wp-json\/wp\/v2\/media?parent=156716"}],"wp:term":[{"taxonomy":"category","embeddable":true,"href":"https:\/\/www.europesays.com\/de\/wp-json\/wp\/v2\/categories?post=156716"},{"taxonomy":"post_tag","embeddable":true,"href":"https:\/\/www.europesays.com\/de\/wp-json\/wp\/v2\/tags?post=156716"}],"curies":[{"name":"wp","href":"https:\/\/api.w.org\/{rel}","templated":true}]}}