{"id":156720,"date":"2025-06-01T12:59:51","date_gmt":"2025-06-01T12:59:51","guid":{"rendered":"https:\/\/www.europesays.com\/de\/156720\/"},"modified":"2025-06-01T12:59:51","modified_gmt":"2025-06-01T12:59:51","slug":"frau-kriegt-bei-vatertagsfest-schlag-ins-gesicht","status":"publish","type":"post","link":"https:\/\/www.europesays.com\/de\/156720\/","title":{"rendered":"Frau kriegt bei Vatertagsfest Schlag ins Gesicht"},"content":{"rendered":"<p>Schl\u00e4gerei in D\u00fcrwi\u00df <\/p>\n<p>Frau kriegt bei Vatertagsfest Schlag ins Gesicht<\/p>\n<p>30.05.2025Lesedauer: 1 Min.<\/p>\n<p><a href=\"#focus-0\" class=\"transition-colors duration-200 focus-within:text-magenta block text-current relative\" data-sctrack=\"FocusGalleryImage.Reference\"><img fetchpriority=\"high\" data-testid=\"Opener.Image\" style=\"--lqipURL:url('https:\/\/images.t-online.de\/2025\/05\/y5xljQ3yY2z7\/0x209:4000x2250\/fit-in\/150x0\/filters:blur(25)\/blaulicht-symbolbild-bei-einem-vatertagsfest-in-duerwiss-musste-die-polizei-anruecken.jpg')\"   loading=\"eager\" src=\"https:\/\/www.europesays.com\/de\/wp-content\/uploads\/2025\/06\/blaulicht-symbolbild-bei-einem-vatertagsfest-in-duerwiss-musste-die-polizei-anruecken.jpg\" alt=\"imago images 0816487003\" title=\"imago images 0816487003\" width=\"4000\" height=\"2250\" class=\"bg-[url:var(--lqipURL)] bg-cover bg-center flex w-full max-w-full h-full\" decoding=\"async\"\/><img style=\"--width:32;--height:32\" loading=\"lazy\" src=\"https:\/\/www.europesays.com\/de\/wp-content\/uploads\/2025\/05\/zoom-in.f7dae02f.svg.svg+xml\" alt=\"Vergr\u00f6\u00dfern des Bildes\" title=\"Vergr\u00f6\u00dfern des Bildes\" class=\"&#10;        block&#10;        h-[calc(var(--height)_\/_16_*_1rem)]&#10;        w-[calc(var(--width)_\/_16_*_1rem)]&#10;        max-w-none&#10;        absolute bottom-8 right-8 rounded-4 bg-snow p-8\" decoding=\"async\"\/><\/a><\/p>\n<p>Blaulicht (Symbolbild): Bei einem Vatertagsfest in D\u00fcrwi\u00df musste die Polizei anr\u00fccken. (Quelle: IMAGO\/dts Nachrichtenagentur)<\/p>\n<p class=\"font-bold text-18 leading-17\">Ein Fest im Stadtteil D\u00fcrwi\u00df endet mit einer Schl\u00e4gerei. Die Polizei nimmt die Personalien von 15 bis 20 Beteiligten auf.<\/p>\n<p class=\"text-18 leading-17\">Ein Streit unter Feiernden hat am Donnerstagabend (30. Mai) zu einem Polizeieinsatz im <a class=\"transition-colors duration-200 cursor-pointer text-inherit no-underline text-salemsfur md:hover:text-magenta md:hover:border-magenta md:focus:text-magenta border-current border-b border-solid break-words\" href=\"https:\/\/www.t-online.de\/themen\/eschweiler\/\" data-sctrack=\"BodyAnchor\" rel=\"nofollow noopener\" target=\"_blank\">Eschweiler<\/a> Stadtteil D\u00fcrwi\u00df gef\u00fchrt. Das teilte eine Sprecherin der Polizei <a class=\"transition-colors duration-200 cursor-pointer text-inherit no-underline text-salemsfur md:hover:text-magenta md:hover:border-magenta md:focus:text-magenta border-current border-b border-solid break-words\" href=\"https:\/\/www.t-online.de\/themen\/aachen\/\" data-sctrack=\"BodyAnchor\" rel=\"nofollow noopener\" target=\"_blank\">Aachen<\/a> auf Anfrage von t-online mit.<\/p>\n<p class=\"text-18 leading-17\">Gegen 21 Uhr sollen zwei Gruppen auf einem Vatertagsfest in der Gr\u00fcnstra\u00dfe zun\u00e4chst verbal aneinandergeraten sein. Laut der Sprecherin eskalierte die Situation kurz darauf: Mehrere Beteiligte wurden handgreiflich.<\/p>\n<p class=\"text-18 leading-17\">Nach Angaben der Polizei waren zwischen 15 und 20 Personen an der Auseinandersetzung beteiligt. Eine offenbar unbeteiligte Frau aus Eschweiler erlitt durch einen Schlag ins Gesicht leichte Verletzungen. Die Polizei beendete den Zwischenfall und nahm die Personalien der Beteiligten auf.<\/p>\n","protected":false},"excerpt":{"rendered":"Schl\u00e4gerei in D\u00fcrwi\u00df Frau kriegt bei Vatertagsfest Schlag ins Gesicht 30.05.2025Lesedauer: 1 Min. Blaulicht (Symbolbild): Bei einem Vatertagsfest&hellip;\n","protected":false},"author":2,"featured_media":156721,"comment_status":"","ping_status":"","sticky":false,"template":"","format":"standard","meta":{"footnotes":""},"categories":[1853],"tags":[1424,1950,3364,29,55065,9059,548,663,3934,30,13,14,15,1209,121,4651,12,6053,226,55066],"class_list":{"0":"post-156720","1":"post","2":"type-post","3":"status-publish","4":"format-standard","5":"has-post-thumbnail","7":"category-aachen","8":"tag-aachen","9":"tag-blaulicht","10":"tag-de","11":"tag-deutschland","12":"tag-duerwiss","13":"tag-eschweiler","14":"tag-eu","15":"tag-europa","16":"tag-europe","17":"tag-germany","18":"tag-headlines","19":"tag-nachrichten","20":"tag-news","21":"tag-nordrhein-westfalen","22":"tag-polizei","23":"tag-schlaegerei","24":"tag-schlagzeilen","25":"tag-stadtteil","26":"tag-t-online","27":"tag-vatertagsfest"},"share_on_mastodon":{"url":"https:\/\/pubeurope.com\/@de\/114608237911778902","error":""},"_links":{"self":[{"href":"https:\/\/www.europesays.com\/de\/wp-json\/wp\/v2\/posts\/156720","targetHints":{"allow":["GET"]}}],"collection":[{"href":"https:\/\/www.europesays.com\/de\/wp-json\/wp\/v2\/posts"}],"about":[{"href":"https:\/\/www.europesays.com\/de\/wp-json\/wp\/v2\/types\/post"}],"author":[{"embeddable":true,"href":"https:\/\/www.europesays.com\/de\/wp-json\/wp\/v2\/users\/2"}],"replies":[{"embeddable":true,"href":"https:\/\/www.europesays.com\/de\/wp-json\/wp\/v2\/comments?post=156720"}],"version-history":[{"count":0,"href":"https:\/\/www.europesays.com\/de\/wp-json\/wp\/v2\/posts\/156720\/revisions"}],"wp:featuredmedia":[{"embeddable":true,"href":"https:\/\/www.europesays.com\/de\/wp-json\/wp\/v2\/media\/156721"}],"wp:attachment":[{"href":"https:\/\/www.europesays.com\/de\/wp-json\/wp\/v2\/media?parent=156720"}],"wp:term":[{"taxonomy":"category","embeddable":true,"href":"https:\/\/www.europesays.com\/de\/wp-json\/wp\/v2\/categories?post=156720"},{"taxonomy":"post_tag","embeddable":true,"href":"https:\/\/www.europesays.com\/de\/wp-json\/wp\/v2\/tags?post=156720"}],"curies":[{"name":"wp","href":"https:\/\/api.w.org\/{rel}","templated":true}]}}