{"id":156724,"date":"2025-06-01T13:01:10","date_gmt":"2025-06-01T13:01:10","guid":{"rendered":"https:\/\/www.europesays.com\/de\/156724\/"},"modified":"2025-06-01T13:01:10","modified_gmt":"2025-06-01T13:01:10","slug":"motorradunfall-in-frankenberg-auch-zwoelfjaehrige-schwer-verletzt","status":"publish","type":"post","link":"https:\/\/www.europesays.com\/de\/156724\/","title":{"rendered":"Motorradunfall in Frankenberg: Auch Zw\u00f6lfj\u00e4hrige schwer verletzt"},"content":{"rendered":"<p class=\"bold\">\n\t\t\t\t\t\t\t\t\t\tIn der Stadt Frankenberg endete eine Fahrt abrupt \u2013 ein Motorradfahrer und seine zw\u00f6lfj\u00e4hrige Beifahrerin wurden schwer verletzt.\t\t\t\t<\/p>\n<p>\t\t\t\t Ein Motorradfahrer und seine Sozia sind bei einem Verkehrsunfall in Frankenberg schwer verletzt worden. Der 43-j\u00e4hrige Mann war am Samstag auf der innerst\u00e4dtischen B 180 in Richtung Altenhain unterwegs, als gegen 12.30 Uhr unweit der Einm\u00fcndung der Eder-Stra\u00dfe zwei Autos verkehrsbedingt halten mussten. Als er die Gefahr erkannte, bremste der&#8230;<\/p>\n<p>\t\t<img decoding=\"async\" class=\"fp-plus-logo\" src=\"https:\/\/www.europesays.com\/de\/wp-content\/uploads\/2025\/04\/fpplus.svg.svg+xml\" alt=\"Freie Presse plus Logo\"\/><\/p>\n<p>Registrieren und testen.<\/p>\n<p>Jetzt mit Ihrer Registrierung 1 Monat gratis testen und alle Beitr\u00e4ge lesen.<\/p>\n<p>Schon Abonnent? Melden Sie sich mit ihren Zugangsdaten an.<\/p>\n","protected":false},"excerpt":{"rendered":"In der Stadt Frankenberg endete eine Fahrt abrupt \u2013 ein Motorradfahrer und seine zw\u00f6lfj\u00e4hrige Beifahrerin wurden schwer verletzt.&hellip;\n","protected":false},"author":2,"featured_media":156725,"comment_status":"","ping_status":"","sticky":false,"template":"","format":"standard","meta":{"footnotes":""},"categories":[1851],"tags":[2770,3364,29,548,663,3934,30,13,14,15,859,12,2624],"class_list":{"0":"post-156724","1":"post","2":"type-post","3":"status-publish","4":"format-standard","5":"has-post-thumbnail","7":"category-chemnitz","8":"tag-chemnitz","9":"tag-de","10":"tag-deutschland","11":"tag-eu","12":"tag-europa","13":"tag-europe","14":"tag-germany","15":"tag-headlines","16":"tag-nachrichten","17":"tag-news","18":"tag-sachsen","19":"tag-schlagzeilen","20":"tag-unfaelle"},"share_on_mastodon":{"url":"https:\/\/pubeurope.com\/@de\/114608241626676899","error":""},"_links":{"self":[{"href":"https:\/\/www.europesays.com\/de\/wp-json\/wp\/v2\/posts\/156724","targetHints":{"allow":["GET"]}}],"collection":[{"href":"https:\/\/www.europesays.com\/de\/wp-json\/wp\/v2\/posts"}],"about":[{"href":"https:\/\/www.europesays.com\/de\/wp-json\/wp\/v2\/types\/post"}],"author":[{"embeddable":true,"href":"https:\/\/www.europesays.com\/de\/wp-json\/wp\/v2\/users\/2"}],"replies":[{"embeddable":true,"href":"https:\/\/www.europesays.com\/de\/wp-json\/wp\/v2\/comments?post=156724"}],"version-history":[{"count":0,"href":"https:\/\/www.europesays.com\/de\/wp-json\/wp\/v2\/posts\/156724\/revisions"}],"wp:featuredmedia":[{"embeddable":true,"href":"https:\/\/www.europesays.com\/de\/wp-json\/wp\/v2\/media\/156725"}],"wp:attachment":[{"href":"https:\/\/www.europesays.com\/de\/wp-json\/wp\/v2\/media?parent=156724"}],"wp:term":[{"taxonomy":"category","embeddable":true,"href":"https:\/\/www.europesays.com\/de\/wp-json\/wp\/v2\/categories?post=156724"},{"taxonomy":"post_tag","embeddable":true,"href":"https:\/\/www.europesays.com\/de\/wp-json\/wp\/v2\/tags?post=156724"}],"curies":[{"name":"wp","href":"https:\/\/api.w.org\/{rel}","templated":true}]}}