{"id":156810,"date":"2025-06-01T13:46:08","date_gmt":"2025-06-01T13:46:08","guid":{"rendered":"https:\/\/www.europesays.com\/de\/156810\/"},"modified":"2025-06-01T13:46:08","modified_gmt":"2025-06-01T13:46:08","slug":"41-westwind-festival-begann-mit-dem-gastspiel-vivat-messi","status":"publish","type":"post","link":"https:\/\/www.europesays.com\/de\/156810\/","title":{"rendered":"41. Westwind-Festival begann mit dem Gastspiel \u201eVivat Messi\u201c"},"content":{"rendered":"<p class=\"text_ohne_einzug richtext text-em-55 !leading-serif mx-6 desktop:mx-0\">Der vorerst letzte Auflauf an der M\u00fcnsterstra\u00dfe war mit Sicherheit einer der gr\u00f6\u00dften. Eigentlich sollte das 41. Westwind-Festival bereits in der neuen Spielst\u00e4tte des Jungen Schauspielhauses am Hauptbahnhof stattfinden. Aber wegen dort noch anstehender Bauarbeiten waren die internationalen G\u00e4ste und die Zuschauer noch einmal in das bisherige Haus geladen. Das Theatertreffen f\u00fcr junges Publikum ist in der Tat sehr international. Minutenlang dauerte die Aufz\u00e4hlung der beteiligten L\u00e4nder, bis es am Ende hie\u00df: \u201eSogar K\u00f6ln ist dabei!\u201c<\/p>\n","protected":false},"excerpt":{"rendered":"Der vorerst letzte Auflauf an der M\u00fcnsterstra\u00dfe war mit Sicherheit einer der gr\u00f6\u00dften. Eigentlich sollte das 41. Westwind-Festival&hellip;\n","protected":false},"author":2,"featured_media":156811,"comment_status":"","ping_status":"","sticky":false,"template":"","format":"standard","meta":{"footnotes":""},"categories":[1831],"tags":[3364,29,3405,3679,55082,5561,47131,55083,30,5213,55085,13487,29970,1209,6903,5725,524,55086,38942,94,55084,28942,46537,55081],"class_list":{"0":"post-156810","1":"post","2":"type-post","3":"status-publish","4":"format-standard","5":"has-post-thumbnail","7":"category-duesseldorf","8":"tag-de","9":"tag-deutschland","10":"tag-duesseldorf","11":"tag-duesseldorfer","12":"tag-eckige","13":"tag-festival","14":"tag-festivalprogramm","15":"tag-freestyle","16":"tag-germany","17":"tag-haus","18":"tag-jugendfestivals","19":"tag-lionel-messi","20":"tag-muensterstrasse","21":"tag-nordrhein-westfalen","22":"tag-schauspiel","23":"tag-spiel","24":"tag-strasse","25":"tag-strassenfesten","26":"tag-tanzhaus","27":"tag-theater","28":"tag-theaterschau","29":"tag-theatertreffen","30":"tag-weltmeister","31":"tag-westwind"},"share_on_mastodon":{"url":"https:\/\/pubeurope.com\/@de\/114608418555274102","error":""},"_links":{"self":[{"href":"https:\/\/www.europesays.com\/de\/wp-json\/wp\/v2\/posts\/156810","targetHints":{"allow":["GET"]}}],"collection":[{"href":"https:\/\/www.europesays.com\/de\/wp-json\/wp\/v2\/posts"}],"about":[{"href":"https:\/\/www.europesays.com\/de\/wp-json\/wp\/v2\/types\/post"}],"author":[{"embeddable":true,"href":"https:\/\/www.europesays.com\/de\/wp-json\/wp\/v2\/users\/2"}],"replies":[{"embeddable":true,"href":"https:\/\/www.europesays.com\/de\/wp-json\/wp\/v2\/comments?post=156810"}],"version-history":[{"count":0,"href":"https:\/\/www.europesays.com\/de\/wp-json\/wp\/v2\/posts\/156810\/revisions"}],"wp:featuredmedia":[{"embeddable":true,"href":"https:\/\/www.europesays.com\/de\/wp-json\/wp\/v2\/media\/156811"}],"wp:attachment":[{"href":"https:\/\/www.europesays.com\/de\/wp-json\/wp\/v2\/media?parent=156810"}],"wp:term":[{"taxonomy":"category","embeddable":true,"href":"https:\/\/www.europesays.com\/de\/wp-json\/wp\/v2\/categories?post=156810"},{"taxonomy":"post_tag","embeddable":true,"href":"https:\/\/www.europesays.com\/de\/wp-json\/wp\/v2\/tags?post=156810"}],"curies":[{"name":"wp","href":"https:\/\/api.w.org\/{rel}","templated":true}]}}