{"id":156812,"date":"2025-06-01T13:47:20","date_gmt":"2025-06-01T13:47:20","guid":{"rendered":"https:\/\/www.europesays.com\/de\/156812\/"},"modified":"2025-06-01T13:47:20","modified_gmt":"2025-06-01T13:47:20","slug":"wuppertaler-sv-holt-aussenangreifer-aus-duesseldorf","status":"publish","type":"post","link":"https:\/\/www.europesays.com\/de\/156812\/","title":{"rendered":"Wuppertaler SV holt Au\u00dfenangreifer aus D\u00fcsseldorf"},"content":{"rendered":"<p class=\"text_ohne_einzug richtext text-em-55 !leading-serif mx-6 desktop:mx-0\">Fu\u00dfball-Regionalligist Wuppertaler SV treibt die Kaderplanung f\u00fcr die kommende Regionalliga-Saison weiter voran. Mit Au\u00dfenangreifer Ronay Arabaci gab der WSV am Sonntag den n\u00e4chsten Zugang bekannt. Es ist der 20. Feldspieler f\u00fcr die neue Spielzeit, in der der Kader laut Sportdfirektor Gaetano Manno 22 Feldspieler plus drei (Torh\u00fcter) plus Rekonvaleszent Muhammed Bejdic und den Ex-A-Jugendlichen Romeo Kovarszki umfassen soll.<\/p>\n","protected":false},"excerpt":{"rendered":"Fu\u00dfball-Regionalligist Wuppertaler SV treibt die Kaderplanung f\u00fcr die kommende Regionalliga-Saison weiter voran. Mit Au\u00dfenangreifer Ronay Arabaci gab der&hellip;\n","protected":false},"author":2,"featured_media":156813,"comment_status":"","ping_status":"","sticky":false,"template":"","format":"standard","meta":{"footnotes":""},"categories":[1831],"tags":[55088,55089,3364,29,3405,54591,6223,30,21300,45309,13762,55090,1209,55092,55091,3459,55087,6236,23437,6227,23428,6226],"class_list":{"0":"post-156812","1":"post","2":"type-post","3":"status-publish","4":"format-standard","5":"has-post-thumbnail","7":"category-duesseldorf","8":"tag-arabaci","9":"tag-aussenangreifer","10":"tag-de","11":"tag-deutschland","12":"tag-duesseldorf","13":"tag-feldspieler","14":"tag-fortuna","15":"tag-germany","16":"tag-kader","17":"tag-kaderplanung","18":"tag-liga","19":"tag-ligakonkurrent","20":"tag-nordrhein-westfalen","21":"tag-offensiv","22":"tag-offensivspieler","23":"tag-regionalliga","24":"tag-ronay","25":"tag-spieler","26":"tag-verpflichtung","27":"tag-wsv","28":"tag-wupper","29":"tag-wuppertaler"},"share_on_mastodon":{"url":"https:\/\/pubeurope.com\/@de\/114608422493766353","error":""},"_links":{"self":[{"href":"https:\/\/www.europesays.com\/de\/wp-json\/wp\/v2\/posts\/156812","targetHints":{"allow":["GET"]}}],"collection":[{"href":"https:\/\/www.europesays.com\/de\/wp-json\/wp\/v2\/posts"}],"about":[{"href":"https:\/\/www.europesays.com\/de\/wp-json\/wp\/v2\/types\/post"}],"author":[{"embeddable":true,"href":"https:\/\/www.europesays.com\/de\/wp-json\/wp\/v2\/users\/2"}],"replies":[{"embeddable":true,"href":"https:\/\/www.europesays.com\/de\/wp-json\/wp\/v2\/comments?post=156812"}],"version-history":[{"count":0,"href":"https:\/\/www.europesays.com\/de\/wp-json\/wp\/v2\/posts\/156812\/revisions"}],"wp:featuredmedia":[{"embeddable":true,"href":"https:\/\/www.europesays.com\/de\/wp-json\/wp\/v2\/media\/156813"}],"wp:attachment":[{"href":"https:\/\/www.europesays.com\/de\/wp-json\/wp\/v2\/media?parent=156812"}],"wp:term":[{"taxonomy":"category","embeddable":true,"href":"https:\/\/www.europesays.com\/de\/wp-json\/wp\/v2\/categories?post=156812"},{"taxonomy":"post_tag","embeddable":true,"href":"https:\/\/www.europesays.com\/de\/wp-json\/wp\/v2\/tags?post=156812"}],"curies":[{"name":"wp","href":"https:\/\/api.w.org\/{rel}","templated":true}]}}