{"id":156814,"date":"2025-06-01T13:48:09","date_gmt":"2025-06-01T13:48:09","guid":{"rendered":"https:\/\/www.europesays.com\/de\/156814\/"},"modified":"2025-06-01T13:48:09","modified_gmt":"2025-06-01T13:48:09","slug":"wegen-gewitter-und-windboeen-buergerfest-in-kernen-wird-abgesagt-gelaende-geraeumt-nachrichten-aus-kernen","status":"publish","type":"post","link":"https:\/\/www.europesays.com\/de\/156814\/","title":{"rendered":"Wegen Gewitter und Windb\u00f6en: B\u00fcrgerfest in Kernen wird abgesagt, Gel\u00e4nde ger\u00e4umt &#8211; Nachrichten aus Kernen"},"content":{"rendered":"<p><strong>Kernen.\u00a0<\/strong> Es ist wirklich bitter: Gemeinde und Ehrenamtliche haben so viel Arbeit in die Vorbereitung des  B\u00fcrgerfestes anl\u00e4sslich des 50-j\u00e4hrigen Bestehens der Gesamtgemeinde gesteckt &#8211; und nun musste das Fest wetterbedingt bereits wenige Stunden nach der Er\u00f6ffnung abgebrochen werden. Dabei schien zwischenzeitlich schon wieder die Sonne. Wieso also der Komplettabbruch?<\/p>\n<p>Sch\u00e4den durch starken Wind schon am Vorabend<\/p>\n<p>V\u00f6llig \u00fcberraschend kam das Aus nicht: Schon am<\/p>\n","protected":false},"excerpt":{"rendered":"Kernen.\u00a0 Es ist wirklich bitter: Gemeinde und Ehrenamtliche haben so viel Arbeit in die Vorbereitung des B\u00fcrgerfestes anl\u00e4sslich&hellip;\n","protected":false},"author":2,"featured_media":156815,"comment_status":"","ping_status":"","sticky":false,"template":"","format":"standard","meta":{"footnotes":""},"categories":[1830],"tags":[8815,1634,39377,3364,950,29,30,19634,14435,1441,4028,33153,26245],"class_list":{"0":"post-156814","1":"post","2":"type-post","3":"status-publish","4":"format-standard","5":"has-post-thumbnail","7":"category-stuttgart","8":"tag-absage","9":"tag-baden-wuerttemberg","10":"tag-buergerfest","11":"tag-de","12":"tag-deutscher-wetterdienst","13":"tag-deutschland","14":"tag-germany","15":"tag-gewitter","16":"tag-kernen","17":"tag-stuttgart","18":"tag-unwetter","19":"tag-unwettergefahr","20":"tag-unwetterwarnung"},"share_on_mastodon":{"url":"https:\/\/pubeurope.com\/@de\/114608426639493856","error":""},"_links":{"self":[{"href":"https:\/\/www.europesays.com\/de\/wp-json\/wp\/v2\/posts\/156814","targetHints":{"allow":["GET"]}}],"collection":[{"href":"https:\/\/www.europesays.com\/de\/wp-json\/wp\/v2\/posts"}],"about":[{"href":"https:\/\/www.europesays.com\/de\/wp-json\/wp\/v2\/types\/post"}],"author":[{"embeddable":true,"href":"https:\/\/www.europesays.com\/de\/wp-json\/wp\/v2\/users\/2"}],"replies":[{"embeddable":true,"href":"https:\/\/www.europesays.com\/de\/wp-json\/wp\/v2\/comments?post=156814"}],"version-history":[{"count":0,"href":"https:\/\/www.europesays.com\/de\/wp-json\/wp\/v2\/posts\/156814\/revisions"}],"wp:featuredmedia":[{"embeddable":true,"href":"https:\/\/www.europesays.com\/de\/wp-json\/wp\/v2\/media\/156815"}],"wp:attachment":[{"href":"https:\/\/www.europesays.com\/de\/wp-json\/wp\/v2\/media?parent=156814"}],"wp:term":[{"taxonomy":"category","embeddable":true,"href":"https:\/\/www.europesays.com\/de\/wp-json\/wp\/v2\/categories?post=156814"},{"taxonomy":"post_tag","embeddable":true,"href":"https:\/\/www.europesays.com\/de\/wp-json\/wp\/v2\/tags?post=156814"}],"curies":[{"name":"wp","href":"https:\/\/api.w.org\/{rel}","templated":true}]}}