{"id":156819,"date":"2025-06-01T13:51:12","date_gmt":"2025-06-01T13:51:12","guid":{"rendered":"https:\/\/www.europesays.com\/de\/156819\/"},"modified":"2025-06-01T13:51:12","modified_gmt":"2025-06-01T13:51:12","slug":"messerstiche-am-frankfurter-hbf-18-jaehriger-schwer-verletzt","status":"publish","type":"post","link":"https:\/\/www.europesays.com\/de\/156819\/","title":{"rendered":"Messerstiche am Frankfurter Hbf \u2013 18-J\u00e4hriger schwer verletzt"},"content":{"rendered":"<p>Gewalttat am Hauptbahnhof <\/p>\n<p>18-J\u00e4hriger durch Messerstiche schwer verletzt<\/p>\n<p>01.06.2025 &#8211; 10:41 UhrLesedauer: 1 Min.<\/p>\n<p><a href=\"#focus-0\" class=\"transition-colors duration-200 focus-within:text-magenta block text-current relative\" data-sctrack=\"FocusGalleryImage.Reference\"><img fetchpriority=\"high\" data-testid=\"Opener.Image\" style=\"--lqipURL:url('https:\/\/images.t-online.de\/2025\/06\/j04jScAo-OrM\/0x160:4000x2250\/fit-in\/150x0\/filters:blur(25)\/mannschaftswagen-der-bundespolizei-stehen-am-bahnhofpltz-vor-dem-hauptbahnhof-in-frankfurt-archivbild-in-der-nacht-auf-sonntag-wurde-ein-18-jaehriger-schwer-verletzt.jpg')\"   loading=\"eager\" src=\"https:\/\/www.europesays.com\/de\/wp-content\/uploads\/2025\/06\/mannschaftswagen-der-bundespolizei-stehen-am-bahnhofpltz-vor-dem-hauptbahnhof-in-frankfurt-archivbil.jpeg\" alt=\"Mannschaftswagen der Bundespolizei stehen am Bahnhofpltz vor dem Hauptbahnhof in Frankfurt (Archivbild): In der Nacht auf Sonntag wurde ein 18-J\u00e4hriger schwer verletzt.\" title=\"Mannschaftswagen der Bundespolizei stehen am Bahnhofpltz vor dem Hauptbahnhof in Frankfurt (Archivbild): In der Nacht auf Sonntag wurde ein 18-J\u00e4hriger schwer verletzt.\" width=\"4000\" height=\"2250\" class=\"bg-[url:var(--lqipURL)] bg-cover bg-center flex w-full max-w-full h-full\" decoding=\"async\"\/><img style=\"--width:32;--height:32\" loading=\"lazy\" src=\"https:\/\/www.europesays.com\/de\/wp-content\/uploads\/2025\/04\/1745049674_75_zoom-in.f7dae02f.svg.svg+xml\" alt=\"Vergr\u00f6\u00dfern des Bildes\" title=\"Vergr\u00f6\u00dfern des Bildes\" class=\"&#10;        block&#10;        h-[calc(var(--height)_\/_16_*_1rem)]&#10;        w-[calc(var(--width)_\/_16_*_1rem)]&#10;        max-w-none&#10;        absolute bottom-8 right-8 rounded-4 bg-snow p-8\" decoding=\"async\"\/><\/a><\/p>\n<p>Mannschaftswagen der Bundespolizei stehen am Bahnhofplatz vor dem Hauptbahnhof in Frankfurt (Archivbild): In der Nacht auf Sonntag wurde ein 18-J\u00e4hriger schwer verletzt. (Quelle: Ralph Peters via www.imago-images.de\/imago-images-bilder)<\/p>\n<p class=\"font-bold text-18 leading-17\">Am Wochenende kommt es am Frankfurter Bahnhof zu einer gef\u00e4hrlichen K\u00f6rperverletzung. Ein 18-J\u00e4hriger wird dabei mit einem Messer schwer verletzt.<\/p>\n<p class=\"text-18 leading-17\">Am fr\u00fchen Sonntagmorgen (1. Juni) haben mehrere M\u00e4nner einen 18-J\u00e4hrigen und seinen Begleiter am Frankfurter Bahnhof verletzt. Die Polizei sucht nun nach Zeugen, die Hinweise geben k\u00f6nnen.<\/p>\n<p class=\"text-18 leading-17\">Nach Angaben der Polizei lief der 18-J\u00e4hrige zusammen mit seinem 20-j\u00e4hrigen Begleiter gegen 0.10 Uhr \u00fcber den Bahnhofsvorplatz in Richtung Hauptbahnhof, als sie von einer Gruppe M\u00e4nner angehalten wurden. Nach einer kurzen verbalen Auseinandersetzung soll der j\u00fcngeren Mann aus der Gruppe heraus am Bein verletzt worden sein. Dabei sei auch ein Messer verwendet worden. Den \u00e4lteren Begleiter h\u00e4tten die Angreifer auf den Hinterkopf geschlagen.<\/p>\n<p class=\"text-18 leading-17\">Die Polizei hat noch niemanden festnehmen k\u00f6nnen, rund zehn Personen fl\u00fcchteten. Die Beamten werten Videoaufnahmen aus und vernehmen weitere Zeugen, sagte der Sprecher t-online. Nach dem Messerangriff hatten die Beamten den Vorplatz des Frankfurter Hauptbahnhofs abgeriegelt.<\/p>\n<p class=\"text-18 leading-17\">Zeugen des Vorfalls oder Personen mit sachdienlichen Hinweisen werden gebeten, sich unter der Telefonnummer 069 \/ 755 &#8211; 10400 oder bei jeder anderen Polizeidienststelle zu melden.<\/p>\n","protected":false},"excerpt":{"rendered":"Gewalttat am Hauptbahnhof 18-J\u00e4hriger durch Messerstiche schwer verletzt 01.06.2025 &#8211; 10:41 UhrLesedauer: 1 Min. Mannschaftswagen der Bundespolizei stehen&hellip;\n","protected":false},"author":2,"featured_media":156820,"comment_status":"","ping_status":"","sticky":false,"template":"","format":"standard","meta":{"footnotes":""},"categories":[1829],"tags":[25972,421,29,2050,2051,30,3268,3601,2052,682,55094,1981,23193,121],"class_list":{"0":"post-156819","1":"post","2":"type-post","3":"status-publish","4":"format-standard","5":"has-post-thumbnail","7":"category-frankfurt-am-main","8":"tag-bahnhofplatz","9":"tag-bundespolizei","10":"tag-deutschland","11":"tag-frankfurt","12":"tag-frankfurt-am-main","13":"tag-germany","14":"tag-gewalttat","15":"tag-hauptbahnhof","16":"tag-hessen","17":"tag-koerperverletzung","18":"tag-mannschaftswagen","19":"tag-messer","20":"tag-messerstich","21":"tag-polizei"},"share_on_mastodon":{"url":"https:\/\/pubeurope.com\/@de\/114608438245375162","error":""},"_links":{"self":[{"href":"https:\/\/www.europesays.com\/de\/wp-json\/wp\/v2\/posts\/156819","targetHints":{"allow":["GET"]}}],"collection":[{"href":"https:\/\/www.europesays.com\/de\/wp-json\/wp\/v2\/posts"}],"about":[{"href":"https:\/\/www.europesays.com\/de\/wp-json\/wp\/v2\/types\/post"}],"author":[{"embeddable":true,"href":"https:\/\/www.europesays.com\/de\/wp-json\/wp\/v2\/users\/2"}],"replies":[{"embeddable":true,"href":"https:\/\/www.europesays.com\/de\/wp-json\/wp\/v2\/comments?post=156819"}],"version-history":[{"count":0,"href":"https:\/\/www.europesays.com\/de\/wp-json\/wp\/v2\/posts\/156819\/revisions"}],"wp:featuredmedia":[{"embeddable":true,"href":"https:\/\/www.europesays.com\/de\/wp-json\/wp\/v2\/media\/156820"}],"wp:attachment":[{"href":"https:\/\/www.europesays.com\/de\/wp-json\/wp\/v2\/media?parent=156819"}],"wp:term":[{"taxonomy":"category","embeddable":true,"href":"https:\/\/www.europesays.com\/de\/wp-json\/wp\/v2\/categories?post=156819"},{"taxonomy":"post_tag","embeddable":true,"href":"https:\/\/www.europesays.com\/de\/wp-json\/wp\/v2\/tags?post=156819"}],"curies":[{"name":"wp","href":"https:\/\/api.w.org\/{rel}","templated":true}]}}