{"id":156823,"date":"2025-06-01T13:53:12","date_gmt":"2025-06-01T13:53:12","guid":{"rendered":"https:\/\/www.europesays.com\/de\/156823\/"},"modified":"2025-06-01T13:53:12","modified_gmt":"2025-06-01T13:53:12","slug":"neuzugang-reagiert-auf-wut-von-fortuna-duesseldorf","status":"publish","type":"post","link":"https:\/\/www.europesays.com\/de\/156823\/","title":{"rendered":"Neuzugang reagiert auf Wut von Fortuna D\u00fcsseldorf"},"content":{"rendered":"<p>Newsblog zum 1. FC K\u00f6ln <\/p>\n<p>Anreise im Privat-Jet \u2013 FC-Neuzugang stoppt Fan-Wut<\/p>\n<p>Aktualisiert am 01.06.2025 &#8211; 11:44 UhrLesedauer: 79 Min.<\/p>\n<p><a href=\"#focus-0\" class=\"transition-colors duration-200 focus-within:text-magenta block text-current relative\" data-sctrack=\"FocusGalleryImage.Reference\"><img fetchpriority=\"high\" data-testid=\"Opener.Image\" style=\"--lqipURL:url('https:\/\/images.t-online.de\/2025\/06\/WkAEjfc1kD03\/0x0:4000x2250\/fit-in\/150x0\/filters:blur(25)\/koeln-germany-23rd-feb-2025-torjubel-isak-bergmann-johannesson-f95-1-fc-koeln-fortuna-duesseldorf-23-022025-cologne-germany-23rd-feb-2025-goal-celebration-isak-bergmann-johannesson-f95-1-fc-koeln-fortuna-duesseldorf-23-02-2025.jpg')\"   loading=\"eager\" src=\"https:\/\/www.europesays.com\/de\/wp-content\/uploads\/2025\/06\/koeln-germany-23rd-feb-2025-torjubel-isak-bergmann-johannesson-f95-1-fc-koeln-fortuna-duesseldorf-23.jpeg\" alt=\"imago images 1059250518\" title=\"imago images 1059250518\" width=\"4000\" height=\"2250\" class=\"bg-[url:var(--lqipURL)] bg-cover bg-center flex w-full max-w-full h-full\" decoding=\"async\"\/><img style=\"--width:32;--height:32\" loading=\"lazy\" src=\"https:\/\/www.europesays.com\/de\/wp-content\/uploads\/2025\/05\/zoom-in.f7dae02f.svg.svg+xml\" alt=\"Vergr\u00f6\u00dfern des Bildes\" title=\"Vergr\u00f6\u00dfern des Bildes\" class=\"&#10;        block&#10;        h-[calc(var(--height)_\/_16_*_1rem)]&#10;        w-[calc(var(--width)_\/_16_*_1rem)]&#10;        max-w-none&#10;        absolute bottom-8 right-8 rounded-4 bg-snow p-8\" decoding=\"async\"\/><\/a><\/p>\n<p>Im Februar k\u00fcsste Isak Johannesson nach einem Tor gegen den 1. FC K\u00f6ln das Wappen von Fortuna D\u00fcsseldorf. (Quelle: IMAGO\/Moritz Mueller\/imago)<\/p>\n<p class=\"font-bold text-18 leading-17\">Der 1. FC K\u00f6ln ist der Fu\u00dfballklub aus der Domstadt. Im Newsticker auf t-online finden Sie alle wichtigen Meldungen rund um die &#8222;Gei\u00dfb\u00f6cke&#8220;.<\/p>\n<p class=\"text-18 leading-17\">Isak Johannesson steht vor einem Wechsel zum <a class=\"transition-colors duration-200 cursor-pointer text-inherit no-underline text-salemsfur md:hover:text-magenta md:hover:border-magenta md:focus:text-magenta border-current border-b border-solid break-words\" href=\"https:\/\/www.t-online.de\/themen\/1-fc-koeln\/\" data-sctrack=\"BodyAnchor\" rel=\"nofollow noopener\" target=\"_blank\">1. FC K\u00f6ln<\/a> und erz\u00fcrnt damit die Fans von <a class=\"transition-colors duration-200 cursor-pointer text-inherit no-underline text-salemsfur md:hover:text-magenta md:hover:border-magenta md:focus:text-magenta border-current border-b border-solid break-words\" href=\"https:\/\/www.t-online.de\/themen\/fortuna-duesseldorf\/\" data-sctrack=\"BodyAnchor\" rel=\"nofollow noopener\" target=\"_blank\">Fortuna D\u00fcsseldorf<\/a>. In der abgelaufenen Saison hatte der Isl\u00e4nder immer wieder seine Liebe zur Fortuna bekundet und nach einem Tor beim Derby in <a class=\"transition-colors duration-200 cursor-pointer text-inherit no-underline text-salemsfur md:hover:text-magenta md:hover:border-magenta md:focus:text-magenta border-current border-b border-solid break-words\" href=\"https:\/\/www.t-online.de\/region\/koeln\/\" data-sctrack=\"BodyAnchor\" rel=\"nofollow noopener\" target=\"_blank\">K\u00f6ln<\/a> sogar das Wappen gek\u00fcsst. Nach Bekanntwerden seiner Wechselabsicht sammelten sich auf seinem Instagram-Profil schnell Hunderte w\u00fctende Kommentare von D\u00fcsseldorfer Anh\u00e4ngern. Johannesson wurde als &#8222;Verr\u00e4ter&#8220; bezeichnet, ihm wurden Verletzungen gew\u00fcnscht. Inzwischen hat er die Kommentarfunktion ausgeschaltet, um die Fan-Wut zu stoppen.<\/p>\n<p class=\"text-18 leading-17\">Im Laufe des Sonntags d\u00fcrfte die Vollzugsmeldung des Transfers erfolgen. Dank einer Ausstiegsklausel konnte Johannesson bis Samstagabend, 23.59 Uhr, f\u00fcr 5,5 Millionen Euro aus seinem Fortuna-Vertrag gekauft werden.<\/p>\n<p class=\"text-18 leading-17\">Schon am fr\u00fchen Samstagnachmittag hatte der isl\u00e4ndische Journalist Gunnar Birgisson auf der Plattform &#8222;X&#8220; ein Foto verbreitet, das Johannesson bei der Reise nach K\u00f6ln zeigen soll. Gemeinsam mit seiner Freundin und seinem Berater flog der 22-J\u00e4hrige im Privat-Jet aus Reykjavik in die Domstadt, um seinen Medizincheck zu absolvieren und alle weiteren Formalit\u00e4ten zu kl\u00e4ren.<\/p>\n<p class=\"text-18 leading-17\">Die Trainersuche beim 1. <a class=\"transition-colors duration-200 cursor-pointer text-inherit no-underline text-salemsfur md:hover:text-magenta md:hover:border-magenta md:focus:text-magenta border-current border-b border-solid break-words\" href=\"https:\/\/www.t-online.de\/themen\/1-fc-koeln\/\" data-sctrack=\"BodyAnchor\" rel=\"nofollow noopener\" target=\"_blank\">FC K\u00f6ln<\/a> dauert weiter an. Die Gei\u00dfb\u00f6cke haben mit Lukas Kwasniok weiter einen Favoriten, jedoch spricht der FC noch mit anderen Kandidaten. Bo Svensson geh\u00f6rt nach \u00fcbereinstimmenden Medienberichten dazu. Der D\u00e4ne wurde im Dezember 2024 bei <a class=\"transition-colors duration-200 cursor-pointer text-inherit no-underline text-salemsfur md:hover:text-magenta md:hover:border-magenta md:focus:text-magenta border-current border-b border-solid break-words\" href=\"https:\/\/www.t-online.de\/themen\/1-fc-union-berlin\/\" data-sctrack=\"BodyAnchor\" rel=\"nofollow noopener\" target=\"_blank\">Union Berlin<\/a> entlassen, ist seither ohne Job.<\/p>\n<p class=\"text-18 leading-17\">Allerdings soll Svensson nach H\u00f6herem streben, ein Engagement in England soll beim ehemaligen Erfolgscoach des FSV <a class=\"transition-colors duration-200 cursor-pointer text-inherit no-underline text-salemsfur md:hover:text-magenta md:hover:border-magenta md:focus:text-magenta border-current border-b border-solid break-words\" href=\"https:\/\/www.t-online.de\/themen\/mainz\/\" data-sctrack=\"BodyAnchor\" rel=\"nofollow noopener\" target=\"_blank\">Mainz<\/a> 05 hoch im Kurs stehen. Der 1. FC K\u00f6ln will seine Trainersuche in der kommenden Woche abschlie\u00dfen. Intern hei\u00dft es, keine Entscheidung werde gerade mit gr\u00f6\u00dferem Zeitdruck betrieben.<\/p>\n<p class=\"text-18 leading-17\">Timo H\u00fcbers hat einen Abschied vom 1. FC K\u00f6ln angedeutet. Der Kapit\u00e4n der Gei\u00dfb\u00f6cke besitzt in der Domstadt noch einen Vertrag bis 2026 und will anschlie\u00dfend offenbar ins Ausland wechseln. Zwar gehe er &#8222;im Moment stark davon aus&#8220;, dass er die n\u00e4chste Saison beim FC spielen werde, sagte H\u00fcbers im Podcast kicker meets DAZN. &#8222;Aber ich bin kein Freund von Lippenbekenntnissen. Ich wei\u00df, dass es mein letztes Vertragsjahr ist.&#8220;<\/p>\n<p class=\"text-18 leading-17\">Weiter sagte H\u00fcbers: &#8222;Vielleicht hat ja auch der Verein ein Interesse daran zu sagen: Wir wollen dich zu Geld machen. Das glaube ich zwar nicht, aber es bringt jetzt nichts. Ich gucke, wie es kommt.&#8220; Anschlie\u00dfend will H\u00fcbers sich einen Traum erf\u00fcllen. &#8222;Es steht ganz stark auf meiner Agenda, im Ausland zu leben und im Idealfall zu spielen. Am liebsten noch, solange meine Freundin und ich noch keine Familie und Kinder haben.&#8220; Ein Abschied im Sommer 2026 ist also wahrscheinlich, wenn H\u00fcbers 30 Jahre alt wird.<\/p>\n<p class=\"text-18 leading-17\">Der 1. FC K\u00f6ln hat das Rennen um zwei Drittliga-Stars verloren. Die Gei\u00dfb\u00f6cke hatten sich in den vergangenen Monaten nach Julian Hettwer von <a class=\"transition-colors duration-200 cursor-pointer text-inherit no-underline text-salemsfur md:hover:text-magenta md:hover:border-magenta md:focus:text-magenta border-current border-b border-solid break-words\" href=\"https:\/\/www.t-online.de\/themen\/borussia-dortmund\/\" data-sctrack=\"BodyAnchor\" rel=\"nofollow noopener\" target=\"_blank\">Borussia Dortmund<\/a> II erkundigt und h\u00e4tten den Offensivspieler gerne verpflichtet. Nun aber wechselt der Au\u00dfenbahnspieler abl\u00f6sefrei zu Fortuna <a class=\"transition-colors duration-200 cursor-pointer text-inherit no-underline text-salemsfur md:hover:text-magenta md:hover:border-magenta md:focus:text-magenta border-current border-b border-solid break-words\" href=\"https:\/\/www.t-online.de\/region\/duesseldorf\/\" data-sctrack=\"BodyAnchor\" rel=\"nofollow noopener\" target=\"_blank\">D\u00fcsseldorf<\/a>.<\/p>\n<p class=\"text-18 leading-17\">Dar\u00fcber hinaus hatte es zuletzt Ger\u00fcchte um Jonas Sterner von <a class=\"transition-colors duration-200 cursor-pointer text-inherit no-underline text-salemsfur md:hover:text-magenta md:hover:border-magenta md:focus:text-magenta border-current border-b border-solid break-words\" href=\"https:\/\/www.t-online.de\/themen\/dynamo-dresden\/\" data-sctrack=\"BodyAnchor\" rel=\"nofollow noopener\" target=\"_blank\">Dynamo Dresden<\/a> gegeben. Der Rechtsverteidiger war zuletzt von <a class=\"transition-colors duration-200 cursor-pointer text-inherit no-underline text-salemsfur md:hover:text-magenta md:hover:border-magenta md:focus:text-magenta border-current border-b border-solid break-words\" href=\"https:\/\/www.t-online.de\/themen\/holstein-kiel\/\" data-sctrack=\"BodyAnchor\" rel=\"nofollow noopener\" target=\"_blank\">Holstein Kiel<\/a> an den Zweitliga-Aufsteiger ausgeliehen. Nun steht <a class=\"transition-colors duration-200 cursor-pointer text-inherit no-underline text-salemsfur md:hover:text-magenta md:hover:border-magenta md:focus:text-magenta border-current border-b border-solid break-words\" href=\"https:\/\/www.t-online.de\/themen\/hannover-96\/\" data-sctrack=\"BodyAnchor\" rel=\"nofollow noopener\" target=\"_blank\">Hannover 96<\/a> unmittelbar vor der Verpflichtung des 23-J\u00e4hrigen. Der 1. FC K\u00f6ln hat derweil mit <a class=\"transition-colors duration-200 cursor-pointer text-inherit no-underline text-salemsfur md:hover:text-magenta md:hover:border-magenta md:focus:text-magenta border-current border-b border-solid break-words\" href=\"https:\/\/www.t-online.de\/region\/koeln\/id_100744044\/1-fc-koeln-torschuss-kopfball-pressing-die-grosse-ache-analyse.html\" data-sctrack=\"BodyAnchor\" rel=\"nofollow noopener\" target=\"_blank\">Ragnar Ache<\/a> erst einen Neuzugang f\u00fcr die kommende Saison perfekt gemacht.<\/p>\n<p class=\"text-18 leading-17\">Der 1. FC K\u00f6ln hat sich bei der Suche nach einem neuen Trainer offenbar auf Lukas Kwasniok festgelegt. Doch laut Transfer-Experte Fabrizio Romano klopften die Gei\u00dfb\u00f6cke zuletzt auch bei Miron Muslic an. Der in Deutschland weitgehend unbekannte Noch-Trainer von Plymouth Argyle steht vor einem Wechsel zum <a class=\"transition-colors duration-200 cursor-pointer text-inherit no-underline text-salemsfur md:hover:text-magenta md:hover:border-magenta md:focus:text-magenta border-current border-b border-solid break-words\" href=\"https:\/\/www.t-online.de\/themen\/fc-schalke-04\/\" data-sctrack=\"BodyAnchor\" rel=\"nofollow noopener\" target=\"_blank\">FC Schalke 04<\/a>. Laut Romano war auch der FC interessiert.<\/p>\n","protected":false},"excerpt":{"rendered":"Newsblog zum 1. FC K\u00f6ln Anreise im Privat-Jet \u2013 FC-Neuzugang stoppt Fan-Wut Aktualisiert am 01.06.2025 &#8211; 11:44 UhrLesedauer:&hellip;\n","protected":false},"author":2,"featured_media":156824,"comment_status":"","ping_status":"","sticky":false,"template":"","format":"standard","meta":{"footnotes":""},"categories":[1828],"tags":[623,297,5854,3175,3176,3174,3177,621,15574,3167,55095,3166,403,1931,29,3148,3058,3153,31421,483,12761,3132,3173,485,3145,3138,3151,30,55097,152,54746,55099,1420,3134,3142,16069,3143,3169,3160,3172,3170,3168,3129,1552,1209,55096,28676,55098,226,7249,3141,3171,3165],"class_list":{"0":"post-156823","1":"post","2":"type-post","3":"status-publish","4":"format-standard","5":"has-post-thumbnail","7":"category-koeln","8":"tag-1-fc-koeln","9":"tag-1-fc-union-berlin","10":"tag-1-fsv-mainz-05","11":"tag-3175","12":"tag-3176","13":"tag-3174","14":"tag-3177","15":"tag-2-bundesliga","16":"tag-anreise","17":"tag-anthony-modeste","18":"tag-bo-svensson","19":"tag-britta-carlson","20":"tag-bvb","21":"tag-dazn","22":"tag-deutschland","23":"tag-domstadt","24":"tag-england","25":"tag-eric-martel","26":"tag-fabrizio-romano","27":"tag-fc-augsburg","28":"tag-florian-wirtz","29":"tag-fortuna-duesseldorf","30":"tag-frauenfussball","31":"tag-fussball-bundesliga","32":"tag-fussballklub","33":"tag-geissbock","34":"tag-gerhard-struber","35":"tag-germany","36":"tag-gunnar-birgisson","37":"tag-instagram","38":"tag-isak-johannesson","39":"tag-julian-hettwer","40":"tag-koeln","41":"tag-linton-maina","42":"tag-luca-waldschmidt","43":"tag-lukas-kwasniok","44":"tag-mark-uth","45":"tag-markus-rejek","46":"tag-mathias-olesen","47":"tag-max-finkgraefe","48":"tag-maximilian-schmid","49":"tag-meiko-sponsel","50":"tag-newsblog","51":"tag-newsticker","52":"tag-nordrhein-westfalen","53":"tag-peter-stoeger","54":"tag-ragnar-ache","55":"tag-reykjavik","56":"tag-t-online","57":"tag-thomas-kessler","58":"tag-timo-huebers","59":"tag-trainingslager","60":"tag-transfermarkt"},"share_on_mastodon":{"url":"","error":"Validation failed: Text character limit of 500 exceeded"},"_links":{"self":[{"href":"https:\/\/www.europesays.com\/de\/wp-json\/wp\/v2\/posts\/156823","targetHints":{"allow":["GET"]}}],"collection":[{"href":"https:\/\/www.europesays.com\/de\/wp-json\/wp\/v2\/posts"}],"about":[{"href":"https:\/\/www.europesays.com\/de\/wp-json\/wp\/v2\/types\/post"}],"author":[{"embeddable":true,"href":"https:\/\/www.europesays.com\/de\/wp-json\/wp\/v2\/users\/2"}],"replies":[{"embeddable":true,"href":"https:\/\/www.europesays.com\/de\/wp-json\/wp\/v2\/comments?post=156823"}],"version-history":[{"count":0,"href":"https:\/\/www.europesays.com\/de\/wp-json\/wp\/v2\/posts\/156823\/revisions"}],"wp:featuredmedia":[{"embeddable":true,"href":"https:\/\/www.europesays.com\/de\/wp-json\/wp\/v2\/media\/156824"}],"wp:attachment":[{"href":"https:\/\/www.europesays.com\/de\/wp-json\/wp\/v2\/media?parent=156823"}],"wp:term":[{"taxonomy":"category","embeddable":true,"href":"https:\/\/www.europesays.com\/de\/wp-json\/wp\/v2\/categories?post=156823"},{"taxonomy":"post_tag","embeddable":true,"href":"https:\/\/www.europesays.com\/de\/wp-json\/wp\/v2\/tags?post=156823"}],"curies":[{"name":"wp","href":"https:\/\/api.w.org\/{rel}","templated":true}]}}