{"id":156825,"date":"2025-06-01T13:54:09","date_gmt":"2025-06-01T13:54:09","guid":{"rendered":"https:\/\/www.europesays.com\/de\/156825\/"},"modified":"2025-06-01T13:54:09","modified_gmt":"2025-06-01T13:54:09","slug":"muenchen-17-jaehriger-faellt-aus-jugendherberge-muenchen","status":"publish","type":"post","link":"https:\/\/www.europesays.com\/de\/156825\/","title":{"rendered":"M\u00fcnchen: 17-J\u00e4hriger f\u00e4llt aus Jugendherberge &#8211; M\u00fcnchen"},"content":{"rendered":"<p data-manual=\"paragraph\" data-schema-org-speakable=\"true\" class=\"css-1ylqqlw\">Ein betrunkener Jugendlicher aus Niedersachsen ist aus dem zweiten Stock einer M\u00fcnchner Jugendherberge gefallen und schwer verletzt worden. Der 17-J\u00e4hrige sei dort f\u00fcr einen Klassenausflug gewesen, sagte ein Polizeisprecher. In der Nacht auf Sonntag habe er kurz nach ein Uhr rauchen wollen. Wegen des Rauchverbots im Zimmer sei er daf\u00fcr auf einen etwa 70 Zentimeter breiten Vorsprung vor dem Fenster gestiegen. Vermutlich wegen seiner Alkoholisierung sei er dabei getorkelt und gest\u00fcrzt, hie\u00df es.<\/p>\n<p data-manual=\"paragraph\" data-schema-org-speakable=\"true\" class=\"css-1ylqqlw\">Der 17-J\u00e4hrige erlitt durch den etwa sieben Meter tiefen Absturz mehrere Frakturen an den Armen, Beinen und im Gesicht. Lebensgefahr bestand keine. Mehrere Zeugen leisteten Erste Hilfe, bevor der Rettungsdienst den Verletzen ins Krankenhaus brachte.Die Kripo sicherte vor Ort Spuren, die Ermittler gehen ersten Erkenntnissen zufolge von einem Unfall aus. Ein Kriseninterventionsteam k\u00fcmmerte sich um die Zeugen.<\/p>\n","protected":false},"excerpt":{"rendered":"Ein betrunkener Jugendlicher aus Niedersachsen ist aus dem zweiten Stock einer M\u00fcnchner Jugendherberge gefallen und schwer verletzt worden.&hellip;\n","protected":false},"author":2,"featured_media":156826,"comment_status":"","ping_status":"","sticky":false,"template":"","format":"standard","meta":{"footnotes":""},"categories":[1827],"tags":[772,29,30,1268,3093,149,3094],"class_list":{"0":"post-156825","1":"post","2":"type-post","3":"status-publish","4":"format-standard","5":"has-post-thumbnail","7":"category-muenchen","8":"tag-bayern","9":"tag-deutschland","10":"tag-germany","11":"tag-muenchen","12":"tag-polizei-und-feuerwehr-in-muenchen","13":"tag-sueddeutsche-zeitung","14":"tag-unglueck-und-unfall"},"share_on_mastodon":{"url":"","error":""},"_links":{"self":[{"href":"https:\/\/www.europesays.com\/de\/wp-json\/wp\/v2\/posts\/156825","targetHints":{"allow":["GET"]}}],"collection":[{"href":"https:\/\/www.europesays.com\/de\/wp-json\/wp\/v2\/posts"}],"about":[{"href":"https:\/\/www.europesays.com\/de\/wp-json\/wp\/v2\/types\/post"}],"author":[{"embeddable":true,"href":"https:\/\/www.europesays.com\/de\/wp-json\/wp\/v2\/users\/2"}],"replies":[{"embeddable":true,"href":"https:\/\/www.europesays.com\/de\/wp-json\/wp\/v2\/comments?post=156825"}],"version-history":[{"count":0,"href":"https:\/\/www.europesays.com\/de\/wp-json\/wp\/v2\/posts\/156825\/revisions"}],"wp:featuredmedia":[{"embeddable":true,"href":"https:\/\/www.europesays.com\/de\/wp-json\/wp\/v2\/media\/156826"}],"wp:attachment":[{"href":"https:\/\/www.europesays.com\/de\/wp-json\/wp\/v2\/media?parent=156825"}],"wp:term":[{"taxonomy":"category","embeddable":true,"href":"https:\/\/www.europesays.com\/de\/wp-json\/wp\/v2\/categories?post=156825"},{"taxonomy":"post_tag","embeddable":true,"href":"https:\/\/www.europesays.com\/de\/wp-json\/wp\/v2\/tags?post=156825"}],"curies":[{"name":"wp","href":"https:\/\/api.w.org\/{rel}","templated":true}]}}