{"id":156827,"date":"2025-06-01T13:55:12","date_gmt":"2025-06-01T13:55:12","guid":{"rendered":"https:\/\/www.europesays.com\/de\/156827\/"},"modified":"2025-06-01T13:55:12","modified_gmt":"2025-06-01T13:55:12","slug":"muenchen-bauarbeiten-schraenken-tram-netz-ein-muenchen","status":"publish","type":"post","link":"https:\/\/www.europesays.com\/de\/156827\/","title":{"rendered":"M\u00fcnchen: Bauarbeiten schr\u00e4nken Tram-Netz ein &#8211; M\u00fcnchen"},"content":{"rendered":"<p data-manual=\"paragraph\" data-schema-org-speakable=\"true\" class=\"css-1ylqqlw\">Die U-Bahnlinie 6 f\u00e4hrt seit diesem Wochenende wieder. Daf\u00fcr starten am Montag, 2. Juni, Bauarbeiten, die Unterbrechungen an mehreren Tramlinien mit sich bringen, und zwar bis Ende August. Nach der Freigabe der Ludwigsbr\u00fccke am 9. Mai war das Tramnetz f\u00fcr eine kurze Zeit komplett. Doch nun m\u00fcssen Fahrg\u00e4ste auf einigen Linien wieder auf Ersatzbusse umsteigen. Grund f\u00fcr die Einschr\u00e4nkungen sind unter anderem Gleiserneuerungen, Oberleitungs- und Gleisarbeiten f\u00fcr die Tram-Westtangente. Parallel dazu wird die Fu\u00dfg\u00e4nger- und Radfahrerquerung am Stachus verbreitert.\u00a0 Der Fahrplan sieht dann so aus: Die<strong> Tram 16<\/strong> f\u00e4hrt nur im Abschnitt Romanplatz \u2013 Sendlinger Tor. Zwischen Sendlinger Tor und Isartor f\u00e4hrt die <strong>Tram 17<\/strong>. Im Abschnitt Isartor \u2013 Effnerplatz fahren ersatzweise Busse.<\/p>\n<p data-manual=\"paragraph\" data-schema-org-speakable=\"true\" class=\"css-1ylqqlw\">Die <strong>Tram 19<\/strong> sowie die <strong>Nacht-Tram N19<\/strong> fahren nur im Abschnitt Berg am Laim \u2013 Lautensackstra\u00dfe und werden weiter \u00fcber Siglstra\u00dfe \u2013 Hans-Thonauer-Stra\u00dfe bis zur Westendstra\u00dfe umgeleitet. Im Abschnitt Westendstra\u00dfe \u2013 Lautensackstra\u00dfe \u2013 F\u00fcrstenriederstra\u00dfe \u2013 Willibaldplatz \u2013 Westbad \u2013 Pasing fahren ersatzweise Busse. Zus\u00e4tzlich werden beide Linien zwischen Hauptbahnhof S\u00fcd und Max-Weber-Platz umgeleitet und fahren \u00fcber Karlsplatz (Stachus) \u2013 Sendlinger Tor \u2013 Isartor. Der Abschnitt Lenbachplatz \u2013 Marienplatz (Theatinerstra\u00dfe) \u2013 Maximilianeum entf\u00e4llt.<\/p>\n<p data-manual=\"paragraph\" data-schema-org-speakable=\"true\" class=\"css-1ylqqlw\">Die <strong>Tram 21<\/strong> wird zwischen Karlsplatz (Stachus) und Max-Weber-Platz umgeleitet und f\u00e4hrt \u00fcber Sendlinger Tor \u2013 Isartor. Der Abschnitt Lenbachplatz \u2013 Maximilianeum entf\u00e4llt.<\/p>\n<p data-manual=\"paragraph\" data-schema-org-speakable=\"true\" class=\"css-1ylqqlw\">Die <strong>Tram 27<\/strong> f\u00e4hrt im Abschnitt Petuelring \u2013 Hohenzollernplatz \u2013 Kurf\u00fcrstenplatz \u2013 Scheidplatz und ersetzt damit die <strong>Tram 28<\/strong>, die nicht in Betrieb ist. Im Abschnitt Karlsplatz (Stachus) \u2013 Kurf\u00fcrstenplatz fahren ersatzweise Busse.<\/p>\n<p data-manual=\"paragraph\" data-schema-org-speakable=\"true\" class=\"css-1ylqqlw\">Die <strong>Nacht-Tram N27<\/strong> f\u00e4hrt im Abschnitt Gro\u00dfhesseloher Br\u00fccke \u2013 Karlsplatz (Stachus) und wird weiter \u00fcber Hauptbahnhof \u2013 Stiglmaierplatz \u2013 Hochschule <a href=\"https:\/\/www.sueddeutsche.de\/thema\/M%C3%BCnchen\" rel=\"nofollow noopener\" target=\"_blank\">M\u00fcnchen<\/a> umgeleitet. Im Abschnitt Karlsplatz (Stachus) \u2013 Petuelring fahren ersatzweise Busse.<\/p>\n<p data-manual=\"paragraph\" data-schema-org-speakable=\"true\" class=\"css-1ylqqlw\">Informationen zu den Umleitungen und Ersatzverkehren liefert die M\u00fcnchner Verkehrsgesellschaft (<a href=\"https:\/\/www.sueddeutsche.de\/thema\/MVG\" rel=\"nofollow noopener\" target=\"_blank\">MVG<\/a>) auf der Sonderseite <a href=\"https:\/\/eur01.safelinks.protection.outlook.com\/?url=http%3A%2F%2Fmvg.de%2Ftrambau&amp;data=05%7C02%7Candreas.schubert%40sz.de%7C4deea5c62e404a19788e08dd9d06f9cc%7C39714495964a40c0b501a86dc79a9ddf%7C0%7C0%7C638839375505952149%7CUnknown%7CTWFpbGZsb3d8eyJFbXB0eU1hcGkiOnRydWUsIlYiOiIwLjAuMDAwMCIsIlAiOiJXaW4zMiIsIkFOIjoiTWFpbCIsIldUIjoyfQ%3D%3D%7C0%7C%7C%7C&amp;sdata=9ZPc3Gp%2FfFOEojCC8bL9XXx6i5qzoejaf9ubGt9uEgc%3D&amp;reserved=0\" target=\"_blank\" rel=\"nofollow noopener\"><strong>mvg.de\/trambau<\/strong><\/a>. Informationen zum Betrieb und Verbindungsausk\u00fcnfte gibt es auf <a href=\"https:\/\/eur01.safelinks.protection.outlook.com\/?url=http%3A%2F%2Fmvg.de%2F&amp;data=05%7C02%7Candreas.schubert%40sz.de%7C4deea5c62e404a19788e08dd9d06f9cc%7C39714495964a40c0b501a86dc79a9ddf%7C0%7C0%7C638839375505977699%7CUnknown%7CTWFpbGZsb3d8eyJFbXB0eU1hcGkiOnRydWUsIlYiOiIwLjAuMDAwMCIsIlAiOiJXaW4zMiIsIkFOIjoiTWFpbCIsIldUIjoyfQ%3D%3D%7C0%7C%7C%7C&amp;sdata=6rWCdKH0RAj%2FetwpsCOio6R5wDdcwVHgfcsiquMu62E%3D&amp;reserved=0\" target=\"_blank\" rel=\"nofollow noopener\"><strong>mvg.de<\/strong><\/a> sowie in der App MVGO. Auch der Autoverkehr ist von den Arbeiten betroffen:\u00a0Die Maximilianstra\u00dfe bleibt zwar w\u00e4hrend der Baustellenzeit in beiden Richtungen befahrbar. Die Thierschstra\u00dfe aber muss am Maxmonument f\u00fcr den Verkehr unterbrochen werden. Die Grundst\u00fccke in der Thierschstra\u00dfe bleiben nach Auskunft der MVG aber erreichbar, die Gehwege sind nutzbar.\u00a0Im Westen der Stadt wird die Agnes-Bernauer-Stra\u00dfe westlich der F\u00fcrstenrieder Stra\u00dfe ab der Ossietzkystra\u00dfe zur Einbahnstra\u00dfe stadteinw\u00e4rts. An der Kreuzung von F\u00fcrstenrieder Stra\u00dfe und Agnes-Bernauer-Stra\u00dfe d\u00fcrfen Autofahrer nicht mehr links abbiegen. Von Norden kommend ist das Rechtsabbiegen in die Agnes-Bernauer-Stra\u00dfe nicht mehr m\u00f6glich. Zur Umfahrung kann nach Angaben der MVG das umliegende Stra\u00dfennetz, zum Beispiel die Landsberger Stra\u00dfe, genutzt werden.<\/p>\n","protected":false},"excerpt":{"rendered":"Die U-Bahnlinie 6 f\u00e4hrt seit diesem Wochenende wieder. Daf\u00fcr starten am Montag, 2. Juni, Bauarbeiten, die Unterbrechungen an&hellip;\n","protected":false},"author":2,"featured_media":156828,"comment_status":"","ping_status":"","sticky":false,"template":"","format":"standard","meta":{"footnotes":""},"categories":[1827],"tags":[772,29,30,1268,2176,14595,149,14596,3232],"class_list":{"0":"post-156827","1":"post","2":"type-post","3":"status-publish","4":"format-standard","5":"has-post-thumbnail","7":"category-muenchen","8":"tag-bayern","9":"tag-deutschland","10":"tag-germany","11":"tag-muenchen","12":"tag-mvg","13":"tag-stadtwerke-muenchen","14":"tag-sueddeutsche-zeitung","15":"tag-swm","16":"tag-verkehr-in-muenchen"},"share_on_mastodon":{"url":"https:\/\/pubeurope.com\/@de\/114608454010863870","error":""},"_links":{"self":[{"href":"https:\/\/www.europesays.com\/de\/wp-json\/wp\/v2\/posts\/156827","targetHints":{"allow":["GET"]}}],"collection":[{"href":"https:\/\/www.europesays.com\/de\/wp-json\/wp\/v2\/posts"}],"about":[{"href":"https:\/\/www.europesays.com\/de\/wp-json\/wp\/v2\/types\/post"}],"author":[{"embeddable":true,"href":"https:\/\/www.europesays.com\/de\/wp-json\/wp\/v2\/users\/2"}],"replies":[{"embeddable":true,"href":"https:\/\/www.europesays.com\/de\/wp-json\/wp\/v2\/comments?post=156827"}],"version-history":[{"count":0,"href":"https:\/\/www.europesays.com\/de\/wp-json\/wp\/v2\/posts\/156827\/revisions"}],"wp:featuredmedia":[{"embeddable":true,"href":"https:\/\/www.europesays.com\/de\/wp-json\/wp\/v2\/media\/156828"}],"wp:attachment":[{"href":"https:\/\/www.europesays.com\/de\/wp-json\/wp\/v2\/media?parent=156827"}],"wp:term":[{"taxonomy":"category","embeddable":true,"href":"https:\/\/www.europesays.com\/de\/wp-json\/wp\/v2\/categories?post=156827"},{"taxonomy":"post_tag","embeddable":true,"href":"https:\/\/www.europesays.com\/de\/wp-json\/wp\/v2\/tags?post=156827"}],"curies":[{"name":"wp","href":"https:\/\/api.w.org\/{rel}","templated":true}]}}