{"id":156839,"date":"2025-06-01T14:01:11","date_gmt":"2025-06-01T14:01:11","guid":{"rendered":"https:\/\/www.europesays.com\/de\/156839\/"},"modified":"2025-06-01T14:01:11","modified_gmt":"2025-06-01T14:01:11","slug":"berlin-berlin-lichtenberg-unbekannter-taeter-verletzt-19-jaehrige-lebensgefaehrlich","status":"publish","type":"post","link":"https:\/\/www.europesays.com\/de\/156839\/","title":{"rendered":"Berlin: Berlin-Lichtenberg: Unbekannter T\u00e4ter verletzt 19-J\u00e4hrige lebensgef\u00e4hrlich"},"content":{"rendered":"<p class=\"metatextline\">Stand: 01.06.2025 15:53 Uhr<\/p>\n<p class=\"textabsatz columns twelve  m-ten  m-offset-one l-eight l-offset-two\">\n        <strong>Eine 19-J\u00e4hrige schwebt nach dem Angriff eines Unbekannten in Lichtenberg in Lebensgefahr. Auch die Mutter der Frau wurde bei der Attacke verletzt. Die Berliner Polizei untersucht nun die Hintergr\u00fcnde f\u00fcr die Tat.<\/strong>\n    <\/p>\n<p class=\"textabsatz m-ten m-offset-one l-eight l-offset-two columns twelve\">\nEin unbekannter Mann hat in Berlin-Lichtenberg eine 19 Jahre alte Frau angegriffen und lebensgef\u00e4hrlich verletzt.<\/p>\n<p>Die ihr zur Hilfe eilende Mutter erlitt bei dem \u00dcberfall ebenfalls schwere Verletzungen, wie Polizei und Staatsanwaltschaft mitteilten. Die Mordkommission hat die Ermittlungen aufgenommen. Laut Polizei sind die Hintergr\u00fcnde der Tat bislang v\u00f6llig unklar.<\/p>\n<p>            <img loading=\"lazy\" decoding=\"async\" class=\"ts-image\" src=\"https:\/\/www.europesays.com\/de\/wp-content\/uploads\/2025\/06\/rbb-polizeiwagen-108.jpg\" alt=\"Symbolbild:Ein Einsatzfahrzeug der Polizei steht nachts an der Stra\u00dfe.(Quelle:picture alliance\/dpa\/M.Balk)\" title=\"Polizeiwagen | picture alliance\/dpa\/M.Balk\"\/><\/p>\n<p>27-J\u00e4hrige bei transfeindlichem Angriff schwer verletzt<\/p>\n<p>            <a href=\"https:\/\/www.rbb24.de\/panorama\/beitrag\/2025\/05\/transfeindlicher-angriff-berlin-neukoelln-hermannstrasse.html\" title=\"mehr\" class=\"textlink--extern\" target=\"_blank\" rel=\"noopener nofollow\">mehr<\/a><\/p>\n<p>    19-J\u00e4hrige schwebt in Lebensgefahr<\/p>\n<p class=\"textabsatz m-ten m-offset-one l-eight l-offset-two columns twelve\">\nDer Polizei zufolge griff der T\u00e4ter die Tochter in der Nacht auf Sonntag in der Schwarzmeerstra\u00dfe in Berlin-Lichtenberg an und f\u00fcgte ihr lebensbedrohliche Verletzungen zu. Als die 51 Jahre alte Mutter zur Hilfe kam, griff der T\u00e4ter auch sie an. Zwei au\u00dfer Dienst<br \/>befindliche Polizeibeamte h\u00f6rten die Hilfeschreie und schritten ein. Den Angreifer konnten sie nicht fassen, ihm gelang die Flucht.<\/p>\n<p>Offen blieb zun\u00e4chst, ob T\u00e4ter und Opfer sich kannten und auf welche Weise die beiden Frauen verletzt wurden. Sie kamen ins Krankenhaus. Die 19-J\u00e4hrige schwebt der Staatsanwaltschaft zufolge weiter in Lebensgefahr. Die Beh\u00f6rden suchen nach Zeugen, die etwas mitbekommen haben k\u00f6nnten.<\/p>\n<p class=\"textabsatz m-ten m-offset-one l-eight l-offset-two columns twelve\">\nSendung: rbb88,8, 01.06.2025, 16 Uhr<\/p>\n<p>                                        <a class=\"backlink__link\" href=\"https:\/\/www.rbb24.de\/panorama\/beitrag\/2025\/06\/unbekannter-19-jaehrige-lebensgefaehrlich-verletzt-berlin-lichtenberg.html\" rel=\"nofollow noopener\" target=\"_blank\"><\/p>\n<p>                                                <img decoding=\"async\" src=\"https:\/\/www.europesays.com\/de\/wp-content\/uploads\/2025\/04\/1745108282_195_lra-rbb-logo-100.svg.svg+xml\" alt=\"Rundfunk Berlin-Brandenburg\"\/><\/p>\n<p>                                        <\/a><\/p>\n","protected":false},"excerpt":{"rendered":"Stand: 01.06.2025 15:53 Uhr Eine 19-J\u00e4hrige schwebt nach dem Angriff eines Unbekannten in Lichtenberg in Lebensgefahr. Auch die&hellip;\n","protected":false},"author":2,"featured_media":156840,"comment_status":"","ping_status":"","sticky":false,"template":"","format":"standard","meta":{"footnotes":""},"categories":[1825],"tags":[296,29,30,2239],"class_list":{"0":"post-156839","1":"post","2":"type-post","3":"status-publish","4":"format-standard","5":"has-post-thumbnail","7":"category-berlin","8":"tag-berlin","9":"tag-deutschland","10":"tag-germany","11":"tag-rbb"},"share_on_mastodon":{"url":"https:\/\/pubeurope.com\/@de\/114608478850970577","error":""},"_links":{"self":[{"href":"https:\/\/www.europesays.com\/de\/wp-json\/wp\/v2\/posts\/156839","targetHints":{"allow":["GET"]}}],"collection":[{"href":"https:\/\/www.europesays.com\/de\/wp-json\/wp\/v2\/posts"}],"about":[{"href":"https:\/\/www.europesays.com\/de\/wp-json\/wp\/v2\/types\/post"}],"author":[{"embeddable":true,"href":"https:\/\/www.europesays.com\/de\/wp-json\/wp\/v2\/users\/2"}],"replies":[{"embeddable":true,"href":"https:\/\/www.europesays.com\/de\/wp-json\/wp\/v2\/comments?post=156839"}],"version-history":[{"count":0,"href":"https:\/\/www.europesays.com\/de\/wp-json\/wp\/v2\/posts\/156839\/revisions"}],"wp:featuredmedia":[{"embeddable":true,"href":"https:\/\/www.europesays.com\/de\/wp-json\/wp\/v2\/media\/156840"}],"wp:attachment":[{"href":"https:\/\/www.europesays.com\/de\/wp-json\/wp\/v2\/media?parent=156839"}],"wp:term":[{"taxonomy":"category","embeddable":true,"href":"https:\/\/www.europesays.com\/de\/wp-json\/wp\/v2\/categories?post=156839"},{"taxonomy":"post_tag","embeddable":true,"href":"https:\/\/www.europesays.com\/de\/wp-json\/wp\/v2\/tags?post=156839"}],"curies":[{"name":"wp","href":"https:\/\/api.w.org\/{rel}","templated":true}]}}