{"id":156843,"date":"2025-06-01T14:03:09","date_gmt":"2025-06-01T14:03:09","guid":{"rendered":"https:\/\/www.europesays.com\/de\/156843\/"},"modified":"2025-06-01T14:03:09","modified_gmt":"2025-06-01T14:03:09","slug":"benedict-hollerbach-wechselt-zu-mainz-05","status":"publish","type":"post","link":"https:\/\/www.europesays.com\/de\/156843\/","title":{"rendered":"Benedict Hollerbach wechselt zu Mainz 05"},"content":{"rendered":"<p class=\"tspBYlv tspBYlw\">Der 1. FC Union Berlin verliert <a href=\"https:\/\/www.tagesspiegel.de\/sport\/medaillengewinner-dauerbrenner-peter-pan-der-1-fc-union-berlin-in-der-saison-einzelkritik-13683883.html?icid=in-text-link_13785580\" class=\"link link--internal\" data-gtm-class=\"article-text-link\" data-gtm-val=\"internal\" target=\"_blank\" rel=\"noopener\">seinen Toptorj\u00e4ger<\/a>. Wie der Verein am Sonntagnachmittag mitteilte, wechselt Benedict Hollerbach zum FSV Mainz 05. Er unterschreibt beim Conference-League-Teilnehmer einen Vierjahresvertrag bis 2029. Laut \u201eSky\u201c betr\u00e4gt die Abl\u00f6sesumme rund zw\u00f6lf Millionen Euro.<\/p>\n<p><a href=\"https:\/\/abo.tagesspiegel.de\/tagesspiegel-app?icid=single-topic_13785580___\" data-gtm-class=\"article-mzt-link\" class=\"tspB5mf\" target=\"_blank\" rel=\"noopener\">Die Tagesspiegel-App Aktuelle Nachrichten, Hintergr\u00fcnde und Analysen direkt auf Ihr Smartphone. Dazu die digitale Zeitung. Hier gratis herunterladen.  <\/a><\/p>\n<p class=\"tspBYlv\">\u201eUnion hat mir die Chance gegeben, mich auf Bundesliga-Niveau zu beweisen und ich bin dankbar f\u00fcr alles, was ich hier lernen durfte. Die Fans, das Stadion, die Mannschaft \u2013 das war etwas ganz Besonderes. Es f\u00e4llt mir nicht leicht, diesen Verein zu verlassen, aber ich freue mich auf die neue Aufgabe in Mainz und auf die Chance, mich dort auch auf europ\u00e4ischem Parkett beweisen zu k\u00f6nnen\u201c,\u00a0wird Hollerbach in einer Pressemitteilung zitiert. <\/p>\n<p class=\"tspBYlv\">Hollerbach wechselte vor zwei Jahren von Drittligist Wehen Wiesbaden zu Union. Nachdem er anfangs unter Urs Fischer kaum zum Einsatz gekommen war und es nicht in den Kader f\u00fcr die Champions League geschafft hatte, etablierte er sich in der R\u00fcckrunde unter Nenad Bjelica. <\/p>\n<p class=\"tspBYlv\">Der richtige Durchbruch in der Fu\u00dfball-Bundesliga gelang dem Starnberger, der beim FC Bayern ausgebildet wurde, in dieser Saison. Hollerbach war in einer lange harmlosen Berliner Offensive die einzige Konstante und phasenweise Alleinunterhalter. Mit neun Toren und drei Vorlagen war er <a href=\"https:\/\/www.tagesspiegel.de\/sport\/mit-jungen-talenten-und-bewahrtem-sturmduo-unions-sehnsucht-nach-kontinuitat-13732237.html?icid=in-text-link_13785580\" class=\"link link--internal\" data-gtm-class=\"article-text-link\" data-gtm-val=\"internal\" target=\"_blank\" rel=\"noopener\">Unions gef\u00e4hrlichster St\u00fcrmer<\/a>. Insgesamt bestritt er f\u00fcr die K\u00f6penicker 65 Pflichtspiele (14 Tore, vier Vorlagen).<\/p>\n<p class=\"tspSdi\">Empfohlener redaktioneller Inhalt<\/p>\n<p> An dieser Stelle finden Sie einen von unseren Redakteuren ausgew\u00e4hlten, externen Inhalt, der den Artikel f\u00fcr Sie mit zus\u00e4tzlichen Informationen anreichert. Sie k\u00f6nnen sich hier den externen Inhalt mit einem Klick anzeigen lassen oder wieder ausblenden. <\/p>\n<p> Externen Inhalt anzeigen <\/p>\n<p class=\"tspSdo\"> Ich bin damit einverstanden, dass mir der externe Inhalt angezeigt wird. Damit k\u00f6nnen personenbezogene Daten an Drittplattformen \u00fcbermittelt werden.  Mehr Informationen dazu erhalten Sie in den Datenschutz-Einstellungen. Diese finden Sie ganz unten auf unserer Seite im Footer, sodass Sie Ihre Einstellungen jederzeit verwalten oder widerrufen k\u00f6nnen. <\/p>\n<p><a href=\"https:\/\/leute.tagesspiegel.de\/?utm_source=tagesspiegel.de&amp;utm_campaign=newsletter-signup&amp;utm_medium=website&amp;utm_content=link&amp;icid=single-topic_13785580___\" data-gtm-class=\"article-mzt-link\" class=\"tspB5mf\" target=\"_blank\" rel=\"noopener\">Mehr \u00fcber guten Sport aus lokaler Perspektive lesen! In unseren w\u00f6chentlichen Newslettern aus den zw\u00f6lf Berliner Bezirken finden Sie Spannendes zu lokalem Sport, lokaler Politik und Kultur. Hier bestellen.  <\/a><\/p>\n<p class=\"tspBYlv\">Dass er sich bereit f\u00fcr den n\u00e4chsten Karriereschritt f\u00fchlt, hatte der 24-J\u00e4hrige bereits mehrfach angedeutet. Sein Traum ist die Nationalmannschaft, am liebsten schon bei der WM 2026. \u201eIch bekomme von den Fans eine Riesenwertsch\u00e4tzung. Ich kann ihnen Hoffnung machen, aber nichts verbindlich zusagen\u201c, hatte Hollerbach vor einem Monat \u00fcber seine Zukunftspl\u00e4ne gesagt. <\/p>\n<p> Mehr Fu\u00dfball bei Tagesspiegel Plus <a href=\"https:\/\/www.tagesspiegel.de\/sport\/medaillengewinner-dauerbrenner-peter-pan-der-1-fc-union-berlin-in-der-saison-einzelkritik-13683883.html?icid=topic-list_13785580___\" data-gtm-class=\"article-mzt-link\" class=\"tspB5mf\" target=\"_blank\" rel=\"noopener\">Medaillengewinner, Dauerbrenner, Peter Pan Der 1. FC Union Berlin in der Saison-Einzelkritik <\/a><a href=\"https:\/\/www.tagesspiegel.de\/berlin\/die-leute-pinkelten-in-becher-chaos-am-olympiastadion-vor-dfb-pokalfinale--doch-der-senat-wiegelt-ab-13781197.html?icid=topic-list_13785580___\" data-gtm-class=\"article-mzt-link\" class=\"tspB5mf\" target=\"_blank\" rel=\"noopener\">\u201eDie Leute pinkelten in Becher\u201c Chaos am Olympiastadion vor DFB-Pokalfinale \u2013 doch der Senat wiegelt ab <\/a><a href=\"https:\/\/www.tagesspiegel.de\/politik\/kevin-kuhnert-und-cem-ozdemir-im-gesprach-fussball-ist-einer-der-letzten-bereiche-wo-alle-zusammenkommen-13742560.html?icid=topic-list_13785580___\" data-gtm-class=\"article-mzt-link\" class=\"tspB5mf\" target=\"_blank\" rel=\"noopener\">Kevin K\u00fchnert und Cem \u00d6zdemir im Gespr\u00e4ch \u201eFu\u00dfball ist einer der letzten Bereiche, wo alle zusammenkommen\u201c  <\/a><\/p>\n<p class=\"tspBYlv\">An ihm soll auch Borussia M\u00f6nchengladbach interessiert gewesen sein, doch Hollerbach entschied sich f\u00fcr Mainz \u2013 und den Europapokal. \u201eBenedict ist einer der dynamischsten und laufst\u00e4rksten Profis der Bundesliga und auf verschiedenen Offensivpositionen einsetzbar. Bei Union hat er in den vergangenen beiden Jahren auf und neben dem Platz eine tolle Entwicklung genommen und ist zum F\u00fchrungsspieler gereift\u201c, sagt der Mainzer Sportdirektor Niko Bungert. <\/p>\n","protected":false},"excerpt":{"rendered":"Der 1. FC Union Berlin verliert seinen Toptorj\u00e4ger. Wie der Verein am Sonntagnachmittag mitteilte, wechselt Benedict Hollerbach zum&hellip;\n","protected":false},"author":2,"featured_media":156844,"comment_status":"","ping_status":"","sticky":false,"template":"","format":"standard","meta":{"footnotes":""},"categories":[1825],"tags":[297,296,29,35595,485,30,5917],"class_list":{"0":"post-156843","1":"post","2":"type-post","3":"status-publish","4":"format-standard","5":"has-post-thumbnail","7":"category-berlin","8":"tag-1-fc-union-berlin","9":"tag-berlin","10":"tag-deutschland","11":"tag-fsv-mainz-05","12":"tag-fussball-bundesliga","13":"tag-germany","14":"tag-treptow-koepenick"},"share_on_mastodon":{"url":"","error":""},"_links":{"self":[{"href":"https:\/\/www.europesays.com\/de\/wp-json\/wp\/v2\/posts\/156843","targetHints":{"allow":["GET"]}}],"collection":[{"href":"https:\/\/www.europesays.com\/de\/wp-json\/wp\/v2\/posts"}],"about":[{"href":"https:\/\/www.europesays.com\/de\/wp-json\/wp\/v2\/types\/post"}],"author":[{"embeddable":true,"href":"https:\/\/www.europesays.com\/de\/wp-json\/wp\/v2\/users\/2"}],"replies":[{"embeddable":true,"href":"https:\/\/www.europesays.com\/de\/wp-json\/wp\/v2\/comments?post=156843"}],"version-history":[{"count":0,"href":"https:\/\/www.europesays.com\/de\/wp-json\/wp\/v2\/posts\/156843\/revisions"}],"wp:featuredmedia":[{"embeddable":true,"href":"https:\/\/www.europesays.com\/de\/wp-json\/wp\/v2\/media\/156844"}],"wp:attachment":[{"href":"https:\/\/www.europesays.com\/de\/wp-json\/wp\/v2\/media?parent=156843"}],"wp:term":[{"taxonomy":"category","embeddable":true,"href":"https:\/\/www.europesays.com\/de\/wp-json\/wp\/v2\/categories?post=156843"},{"taxonomy":"post_tag","embeddable":true,"href":"https:\/\/www.europesays.com\/de\/wp-json\/wp\/v2\/tags?post=156843"}],"curies":[{"name":"wp","href":"https:\/\/api.w.org\/{rel}","templated":true}]}}