{"id":156849,"date":"2025-06-01T14:06:10","date_gmt":"2025-06-01T14:06:10","guid":{"rendered":"https:\/\/www.europesays.com\/de\/156849\/"},"modified":"2025-06-01T14:06:10","modified_gmt":"2025-06-01T14:06:10","slug":"neues-buch-ueber-viktoria-gochs-erste-nr-1-erschienen","status":"publish","type":"post","link":"https:\/\/www.europesays.com\/de\/156849\/","title":{"rendered":"Neues Buch \u00fcber Viktoria Gochs erste Nr. 1 erschienen"},"content":{"rendered":"<p class=\"text_ohne_einzug richtext text-em-55 !leading-serif mx-6 desktop:mx-0\">Als sich am 29. Juni 1912 elf junge M\u00e4nner im Lokal Lorenzen an der M\u00fchlenstra\u00dfe trafen, konnte keiner ahnen, welch historischen Moment er an diesem Samstag erlebte, denn an diesem Abend schlug die Geburtsstunde des SV Viktoria <a href=\"https:\/\/rp-online.de\/thema\/goch\/\" target=\"_blank\" rel=\"noopener\">Goch<\/a>. Die Geschichte des Vereins verkn\u00fcpft Robert Peters in seinem vierten Buch \u00fcber seine Heimatstadt mit der Geschichte des gro\u00dfen Fu\u00dfballs, mit der Familiengeschichte anhand seines Gro\u00dfonkels und Mitgr\u00fcnders Fritz Peters sowie mehr als einem Jahrhundert Gesellschaftsgeschichte inklusive zweier Weltkriege. \u201eDer Torwart. Viktoria Goch und der Fu\u00dfball\u201c hei\u00dft das gerade beendete Werk, in dem Bob Peters auf 291 Seiten das Geschichten-B\u00fcndel ausbreitet mit zahllosen Verkn\u00fcpfungen zur Familiengeschichte in den ersten B\u00fcchern.<\/p>\n","protected":false},"excerpt":{"rendered":"Als sich am 29. Juni 1912 elf junge M\u00e4nner im Lokal Lorenzen an der M\u00fchlenstra\u00dfe trafen, konnte keiner&hellip;\n","protected":false},"author":2,"featured_media":156850,"comment_status":"","ping_status":"","sticky":false,"template":"","format":"standard","meta":{"footnotes":""},"categories":[1774],"tags":[55106,1784,1797,1785,21988,29,214,17928,55108,55104,347,55109,30,2989,55107,44290,37810,23873,55105,215,29740],"class_list":{"0":"post-156849","1":"post","2":"type-post","3":"status-publish","4":"format-standard","5":"has-post-thumbnail","7":"category-buecher","8":"tag-55106","9":"tag-books","10":"tag-buch","11":"tag-buecher","12":"tag-buechern","13":"tag-deutschland","14":"tag-entertainment","15":"tag-familiengeschichte","16":"tag-fritz-bruder","17":"tag-fritz-peters","18":"tag-fussball","19":"tag-fussballkumpels","20":"tag-germany","21":"tag-geschichte","22":"tag-gesellschaftsgeschichte","23":"tag-goch","24":"tag-heimatstadt","25":"tag-profifussball","26":"tag-robert-house-junior-peters","27":"tag-unterhaltung","28":"tag-viktoria"},"share_on_mastodon":{"url":"https:\/\/pubeurope.com\/@de\/114608497201880917","error":""},"_links":{"self":[{"href":"https:\/\/www.europesays.com\/de\/wp-json\/wp\/v2\/posts\/156849","targetHints":{"allow":["GET"]}}],"collection":[{"href":"https:\/\/www.europesays.com\/de\/wp-json\/wp\/v2\/posts"}],"about":[{"href":"https:\/\/www.europesays.com\/de\/wp-json\/wp\/v2\/types\/post"}],"author":[{"embeddable":true,"href":"https:\/\/www.europesays.com\/de\/wp-json\/wp\/v2\/users\/2"}],"replies":[{"embeddable":true,"href":"https:\/\/www.europesays.com\/de\/wp-json\/wp\/v2\/comments?post=156849"}],"version-history":[{"count":0,"href":"https:\/\/www.europesays.com\/de\/wp-json\/wp\/v2\/posts\/156849\/revisions"}],"wp:featuredmedia":[{"embeddable":true,"href":"https:\/\/www.europesays.com\/de\/wp-json\/wp\/v2\/media\/156850"}],"wp:attachment":[{"href":"https:\/\/www.europesays.com\/de\/wp-json\/wp\/v2\/media?parent=156849"}],"wp:term":[{"taxonomy":"category","embeddable":true,"href":"https:\/\/www.europesays.com\/de\/wp-json\/wp\/v2\/categories?post=156849"},{"taxonomy":"post_tag","embeddable":true,"href":"https:\/\/www.europesays.com\/de\/wp-json\/wp\/v2\/tags?post=156849"}],"curies":[{"name":"wp","href":"https:\/\/api.w.org\/{rel}","templated":true}]}}