{"id":156859,"date":"2025-06-01T14:12:11","date_gmt":"2025-06-01T14:12:11","guid":{"rendered":"https:\/\/www.europesays.com\/de\/156859\/"},"modified":"2025-06-01T14:12:11","modified_gmt":"2025-06-01T14:12:11","slug":"andrea-kiewel-stuerzt-bei-zdf-dreh-ins-wasser","status":"publish","type":"post","link":"https:\/\/www.europesays.com\/de\/156859\/","title":{"rendered":"Andrea Kiewel st\u00fcrzt bei ZDF-Dreh ins Wasser"},"content":{"rendered":"<p>&#8222;Bergdoktor&#8220;-Star Hans Sigl schuld? <\/p>\n<p>Andrea Kiewel st\u00fcrzt bei &#8222;Fernsehgarten&#8220;-Dreh ins Wasser<\/p>\n<p>01.06.2025 &#8211; 15:42 UhrLesedauer: 2 Min.<\/p>\n<p><a href=\"#focus-0\" class=\"transition-colors duration-200 focus-within:text-magenta block text-current relative\" data-sctrack=\"FocusGalleryImage.Reference\"><img fetchpriority=\"high\" data-testid=\"Opener.Image\" style=\"--lqipURL:url('https:\/\/images.t-online.de\/2025\/06\/u8P3lDGZskzT\/709x129:3291x1851\/fit-in\/150x0\/filters:blur(25)\/andrea-kiewel-seit-2000-steht-sie-fuer-den-fernsehgarten-vor-der-kamera.jpg')\"   loading=\"eager\" src=\"https:\/\/www.europesays.com\/de\/wp-content\/uploads\/2025\/06\/andrea-kiewel-seit-2000-steht-sie-fuer-den-fernsehgarten-vor-der-kamera.jpg\" alt=\"Andrea Kiewel: Seit 2000 steht sie f\u00fcr den &quot;Fernsehgarten&quot; vor der Kamera.\" title=\"Andrea Kiewel: Seit 2000 steht sie f\u00fcr den &quot;Fernsehgarten&quot; vor der Kamera.\" width=\"3291\" height=\"1851\" class=\"bg-[url:var(--lqipURL)] bg-cover bg-center flex w-full max-w-full h-full\" decoding=\"async\"\/><img style=\"--width:32;--height:32\" loading=\"lazy\" src=\"https:\/\/www.europesays.com\/de\/wp-content\/uploads\/2025\/05\/zoom-in.f7dae02f.svg.svg+xml\" alt=\"Vergr\u00f6\u00dfern des Bildes\" title=\"Vergr\u00f6\u00dfern des Bildes\" class=\"&#10;        block&#10;        h-[calc(var(--height)_\/_16_*_1rem)]&#10;        w-[calc(var(--width)_\/_16_*_1rem)]&#10;        max-w-none&#10;        absolute bottom-8 right-8 rounded-4 bg-snow p-8\" decoding=\"async\"\/><\/a><\/p>\n<p>Andrea Kiewel: Seit 2000 steht sie f\u00fcr den &#8222;Fernsehgarten&#8220; vor der Kamera. (Quelle: IMAGO\/STAR-MEDIA)<\/p>\n<p class=\"font-bold text-18 leading-17\">Die Sendung ist trotz Unwetter-Warnung nicht ins Wasser gefallen \u2013 Andrea Kiewel hingegen schon. So kam es zu dem &#8222;Fernsehgarten&#8220;-Vorfall am Ende der Show.<\/p>\n<p class=\"text-18 leading-17\">Gemeinsam f\u00fchrten sie durch die Musikshow, k\u00fcndigten K\u00fcnstler wie Schlagers\u00e4ngerin Linda Hesse oder die \u00f6sterreichische Band Die Draufg\u00e4nger an. Auch Tim Peters war in der Sendung am 1. Juni zu Gast \u2013 und mit ihm landete Andrea Kiewel kurz vor dem Ende der j\u00fcngsten Ausgabe im Pool.<\/p>\n<p class=\"text-18 leading-17\">Der Musiker sollte in der Folge, die unter dem Motto &#8222;Sommer-Feeling&#8220; stand, nicht nur singen, sondern auch ein Flo\u00df bauen, mit dem die Moderatorin dann den Pool \u00fcberqueren wollte. &#8222;Folgendes haben wir uns \u00fcberlegt: Es gibt legend\u00e4re Filmszenen. Eine davon im gro\u00dfen Hollywood-Schinken &#8218;Titanic'&#8220;, erkl\u00e4rte sie dem Publikum.<\/p>\n<p class=\"text-18 leading-17\">Dann wandte sich die 59-J\u00e4hrige an Hans Sigl. &#8222;Ich mach dir die <a class=\"transition-colors duration-200 cursor-pointer text-inherit no-underline text-salemsfur md:hover:text-magenta md:hover:border-magenta md:focus:text-magenta border-current border-b border-solid break-words\" href=\"https:\/\/www.t-online.de\/themen\/kate-winslet\/\" data-sctrack=\"BodyAnchor\" target=\"_blank\" rel=\"noopener\">Kate Winslet<\/a>, du bist mein Leo. Und unsere Titanic wird ein Flo\u00df sein, welches von Tim gebaut wird, der noch nie ein Flo\u00df gebaut hat.&#8220; Ihre Aufgabe sei es dann, auf dem Flo\u00df zu stehen und nicht unterzugehen, w\u00e4hrend sie von Hans Sigl &#8222;behutsam von A nach B&#8220; gezogen wird.<\/p>\n<p class=\"text-18 leading-17\">Nach etwa zwei Stunden war das Flo\u00df fertig und wurde ins Wasser gelassen. Andrea Kiewel und Tim Peters stiegen gemeinsam auf die schwimmenden Bretter, sie versuchten zun\u00e4chst mit zwei Paddeln vorw\u00e4rtszukommen. Hans Sigl unterst\u00fctzte vom Beckenrand, doch statt &#8222;behutsam&#8220;, wie gew\u00fcnscht, zog der Schauspieler ruckartig an dem Seil.<\/p>\n<p class=\"text-18 leading-17\">Tim Peters und Andrea Kiewel k\u00e4mpften mit dem Gleichgewicht, konnten sich dann jedoch nicht mehr halten und fielen ins Wasser. Vom Beckenrand rief der &#8222;Bergdoktor&#8220;-Star: &#8222;Ich bin unschuldig.&#8220; Die Moderatorin nahm es mit Humor, k\u00fcndigte aus dem Pool heraus den n\u00e4chsten Act an.<\/p>\n<p class=\"text-18 leading-17\">Die Sendung beendete sie dann im Bademantel \u2013 und mit einem weiteren Sturz ins Wasser. Als sich Andrea Kiewel und Hans Sigl von den Zuschauern vor den Bildschirmen verabschiedeten, bat der Schauspieler um ihr Mikrofon, kurz darauf schubste er die Moderatorin erneut in den Pool.<\/p>\n<p class=\"text-18 leading-17\">Am 8. Juni zeigt das <a class=\"transition-colors duration-200 cursor-pointer text-inherit no-underline text-salemsfur md:hover:text-magenta md:hover:border-magenta md:focus:text-magenta border-current border-b border-solid break-words\" href=\"https:\/\/www.t-online.de\/themen\/zdf\/\" data-sctrack=\"BodyAnchor\" target=\"_blank\" rel=\"noopener\">ZDF<\/a> dann die Flohmarkt-Folge. In der Ausgabe werden Stars wie Jimmy Kelly, Joel Heindle und die Band Bringst zu Gast sein. In diesem Jahr feiert Andrea Kiewel ihr 25-j\u00e4hriges Jubil\u00e4um.<\/p>\n","protected":false},"excerpt":{"rendered":"&#8222;Bergdoktor&#8220;-Star Hans Sigl schuld? Andrea Kiewel st\u00fcrzt bei &#8222;Fernsehgarten&#8220;-Dreh ins Wasser 01.06.2025 &#8211; 15:42 UhrLesedauer: 2 Min. Andrea&hellip;\n","protected":false},"author":2,"featured_media":156860,"comment_status":"","ping_status":"","sticky":false,"template":"","format":"standard","meta":{"footnotes":""},"categories":[155],"tags":[8519,29,214,8518,30,55110,55111,1427,50386,215,1448],"class_list":{"0":"post-156859","1":"post","2":"type-post","3":"status-publish","4":"format-standard","5":"has-post-thumbnail","7":"category-unterhaltung","8":"tag-andrea-kiewel","9":"tag-deutschland","10":"tag-entertainment","11":"tag-fernsehgarten","12":"tag-germany","13":"tag-hans-sigl","14":"tag-linda-hesse","15":"tag-mainz","16":"tag-tim-peters","17":"tag-unterhaltung","18":"tag-zdf"},"share_on_mastodon":{"url":"https:\/\/pubeurope.com\/@de\/114608520948331590","error":""},"_links":{"self":[{"href":"https:\/\/www.europesays.com\/de\/wp-json\/wp\/v2\/posts\/156859","targetHints":{"allow":["GET"]}}],"collection":[{"href":"https:\/\/www.europesays.com\/de\/wp-json\/wp\/v2\/posts"}],"about":[{"href":"https:\/\/www.europesays.com\/de\/wp-json\/wp\/v2\/types\/post"}],"author":[{"embeddable":true,"href":"https:\/\/www.europesays.com\/de\/wp-json\/wp\/v2\/users\/2"}],"replies":[{"embeddable":true,"href":"https:\/\/www.europesays.com\/de\/wp-json\/wp\/v2\/comments?post=156859"}],"version-history":[{"count":0,"href":"https:\/\/www.europesays.com\/de\/wp-json\/wp\/v2\/posts\/156859\/revisions"}],"wp:featuredmedia":[{"embeddable":true,"href":"https:\/\/www.europesays.com\/de\/wp-json\/wp\/v2\/media\/156860"}],"wp:attachment":[{"href":"https:\/\/www.europesays.com\/de\/wp-json\/wp\/v2\/media?parent=156859"}],"wp:term":[{"taxonomy":"category","embeddable":true,"href":"https:\/\/www.europesays.com\/de\/wp-json\/wp\/v2\/categories?post=156859"},{"taxonomy":"post_tag","embeddable":true,"href":"https:\/\/www.europesays.com\/de\/wp-json\/wp\/v2\/tags?post=156859"}],"curies":[{"name":"wp","href":"https:\/\/api.w.org\/{rel}","templated":true}]}}