{"id":156878,"date":"2025-06-01T14:23:09","date_gmt":"2025-06-01T14:23:09","guid":{"rendered":"https:\/\/www.europesays.com\/de\/156878\/"},"modified":"2025-06-01T14:23:09","modified_gmt":"2025-06-01T14:23:09","slug":"borussia-moenchengladbach-kleindienst-ersatz-von-der-konkurrenz","status":"publish","type":"post","link":"https:\/\/www.europesays.com\/de\/156878\/","title":{"rendered":"Borussia M\u00f6nchengladbach: Kleindienst-Ersatz von der Konkurrenz?"},"content":{"rendered":"<p>Borussia M\u00f6nchengladbach befindet sich mitten in der Kaderplanung f\u00fcr die kommende Saison. Die Fohlen m\u00fcssen sich klar dar\u00fcber werden, welchen Weg sie einschlagen wollen: Soll ein neuer Angriff auf die europ\u00e4ischen Pl\u00e4tze gestartet werden oder bleibt eine stabile Saison im Tabellenmittelfeld das Ziel?<\/p>\n<p>So oder so muss Borussia M\u00f6nchengladbach jedoch mit Abg\u00e4ngen rechnen \u2013 und diese entsprechend kompensieren. Besonders <a href=\"https:\/\/www.derwesten.de\/sport\/fussball\/borussia-moenchengladbach-abgang-reitz-wechsel-itakura-id301567107.html\" rel=\"nofollow noopener\" target=\"_blank\">Ko Itakura und Rocco Reitz<\/a> wecken Interesse und k\u00f6nnten durch Transfers eine hohe Abl\u00f6sesumme einbringen. Wer hingegen keine Abl\u00f6se mehr generieren wird, ist Tim Kleindienst. Aufgrund einer Verletzung f\u00e4llt er lange aus \u2013 doch die Fohlen m\u00fcssen dennoch einen Ersatz f\u00fcr ihn finden.<\/p>\n<p>Borussia M\u00f6nchengladbach: Kleindienst-Ersatz ohne Kohle<\/p>\n<p>Sportchef Roland Virkus best\u00e4tigte es k\u00fcrzlich selbst: Lebensversicherung Tim Kleindienst wird wegen einer schweren Knieverletzung mindestens vier Monate (!) ausfallen. 26 Scorerpunkte, die es zu ersetzen gilt \u2013 eine riesige Herausforderung f\u00fcr die Fohlen.<\/p>\n<p><strong>Auch spannend:<\/strong> <a href=\"https:\/\/www.derwesten.de\/sport\/fussball\/borussia-moenchengladbach-virkus-book-neuer-id301601253.html\" rel=\"nofollow noopener\" target=\"_blank\">Borussia M\u00f6nchengladbach: Neuer Mann f\u00fcr die Spitze? Pl\u00f6tzlich wird ER bei den Fohlen gehandelt<\/a><\/p>\n<p>Und hier liegt das Problem: Kleindienst wird wohl nicht wechseln, wodurch Borussia M\u00f6nchengladbach keine Einnahmen durch einen Transfer generieren kann. Trotzdem wird dringend ein Ersatz ben\u00f6tigt. Laut Berichten gibt es bereits einen neuen Namen, den die Fohlen der Konkurrenz abwerben m\u00f6chten.<\/p>\n<p>Schl\u00e4gt Gladbach bei der Konkurrenz zu?<\/p>\n<p>Wie \u201eSky\u201c nun behauptet, ist Borussia M\u00f6nchengladbach an Michael Gregoritsch vom SC Freiburg dran. Der 31-j\u00e4hrige Mittelst\u00fcrmer besitzt noch einen Vertrag bis 2026 und m\u00f6chte weg. Mehr Spielzeit fordert der \u00d6sterreicher.<\/p>\n<p>Hier mehr News f\u00fcr dich:<\/p>\n<p>In dieser Saison kam Gregoritsch beim SC Freiburg lediglich auf f\u00fcnf Startelfeins\u00e4tze. Bei den Fohlen k\u00f6nnte sich das \u00e4ndern, denn Gladbach ben\u00f6tigt dringend einen St\u00fcrmer, der Kleindienst sofort im Sturmzentrum ersetzen und dessen Rolle \u00fcbernehmen kann \u2013 zumindest bis dieser zur\u00fcckkehrt. \u00c4hnliche Spielertypen sind die beiden auf alle F\u00e4lle, wodurch eine Verpflichtung nachvollziehbar erscheint.<\/p>\n","protected":false},"excerpt":{"rendered":"Borussia M\u00f6nchengladbach befindet sich mitten in der Kaderplanung f\u00fcr die kommende Saison. Die Fohlen m\u00fcssen sich klar dar\u00fcber&hellip;\n","protected":false},"author":2,"featured_media":156879,"comment_status":"","ping_status":"","sticky":false,"template":"","format":"standard","meta":{"footnotes":""},"categories":[1849],"tags":[815,3364,29,548,663,3934,30,13,4455,14,15,1209,12],"class_list":{"0":"post-156878","1":"post","2":"type-post","3":"status-publish","4":"format-standard","5":"has-post-thumbnail","7":"category-moenchengladbach","8":"tag-borussia-moenchengladbach","9":"tag-de","10":"tag-deutschland","11":"tag-eu","12":"tag-europa","13":"tag-europe","14":"tag-germany","15":"tag-headlines","16":"tag-moenchengladbach","17":"tag-nachrichten","18":"tag-news","19":"tag-nordrhein-westfalen","20":"tag-schlagzeilen"},"share_on_mastodon":{"url":"https:\/\/pubeurope.com\/@de\/114608564007753968","error":""},"_links":{"self":[{"href":"https:\/\/www.europesays.com\/de\/wp-json\/wp\/v2\/posts\/156878","targetHints":{"allow":["GET"]}}],"collection":[{"href":"https:\/\/www.europesays.com\/de\/wp-json\/wp\/v2\/posts"}],"about":[{"href":"https:\/\/www.europesays.com\/de\/wp-json\/wp\/v2\/types\/post"}],"author":[{"embeddable":true,"href":"https:\/\/www.europesays.com\/de\/wp-json\/wp\/v2\/users\/2"}],"replies":[{"embeddable":true,"href":"https:\/\/www.europesays.com\/de\/wp-json\/wp\/v2\/comments?post=156878"}],"version-history":[{"count":0,"href":"https:\/\/www.europesays.com\/de\/wp-json\/wp\/v2\/posts\/156878\/revisions"}],"wp:featuredmedia":[{"embeddable":true,"href":"https:\/\/www.europesays.com\/de\/wp-json\/wp\/v2\/media\/156879"}],"wp:attachment":[{"href":"https:\/\/www.europesays.com\/de\/wp-json\/wp\/v2\/media?parent=156878"}],"wp:term":[{"taxonomy":"category","embeddable":true,"href":"https:\/\/www.europesays.com\/de\/wp-json\/wp\/v2\/categories?post=156878"},{"taxonomy":"post_tag","embeddable":true,"href":"https:\/\/www.europesays.com\/de\/wp-json\/wp\/v2\/tags?post=156878"}],"curies":[{"name":"wp","href":"https:\/\/api.w.org\/{rel}","templated":true}]}}