{"id":156915,"date":"2025-06-01T14:43:10","date_gmt":"2025-06-01T14:43:10","guid":{"rendered":"https:\/\/www.europesays.com\/de\/156915\/"},"modified":"2025-06-01T14:43:10","modified_gmt":"2025-06-01T14:43:10","slug":"champions-league-finale-zwei-tote-und-fast-200-verletzte-nach-psg-sieg-in-frankreich","status":"publish","type":"post","link":"https:\/\/www.europesays.com\/de\/156915\/","title":{"rendered":"Champions-League-Finale: Zwei Tote und fast 200 Verletzte nach PSG-Sieg in Frankreich"},"content":{"rendered":"<p class=\"paragraph article__item\">In der Nacht des historischen <a href=\"https:\/\/www.zeit.de\/sport\/2025-06\/psg-inter-mailand-muenchen-champions-league-finale\" class=\"\" target=\"_blank\" rel=\"noopener\">Champions-League-Triumphs<\/a> von Paris Saint-Germain ist es in <a class=\"rtr-entity\" href=\"https:\/\/www.zeit.de\/thema\/paris\" target=\"_blank\" rel=\"noopener\">Paris<\/a> und anderen franz\u00f6sischen St\u00e4dten zu gewaltsamen Vorf\u00e4llen gekommen. Dem Innenministerium zufolge wurden dabei zwei Menschen get\u00f6tet, mindestens 192 Menschen wurden verletzt. Demnach wurden landesweit mindestens 559 Menschen festgenommen, die gro\u00dfe Mehrheit von<br \/>\nihnen in Paris.\u00a0\n<\/p>\n<p class=\"paragraph article__item\">22 Sicherheitskr\u00e4fte und sieben Feuerwehrleute wurden demnach<br \/>\n bei Ausschreitungen verletzt. Die Beh\u00f6rden z\u00e4hlten zudem knapp 700<br \/>\nBr\u00e4nde, etliche davon waren brennende Fahrzeuge.\n<\/p>\n<p class=\"paragraph article__item\">In Dax, nahe der Atlantikk\u00fcste im S\u00fcdwesten Frankreichs, sei ein junger Mann in einer Menschenmenge rund um Feierlichkeiten zum Champions-League-Finale erstochen worden.\u00a0Wie genau es zu dem Vorfall kam, ist noch unklar. Auch das genaue<br \/>\nAlter des Toten ist nicht best\u00e4tigt.\u00a0\n<\/p>\n<p class=\"paragraph article__item\">Laut Medienberichten wurde zudem in Paris ein junger Mann auf einem<br \/>\nRoller von einem Auto erfasst und get\u00f6tet \u2013 auch hier gibt es<br \/>\nunterschiedliche Altersangaben.\n<\/p>\n<p>        Polizist im Norden des Landes schwer verletzt        <\/p>\n<p class=\"paragraph article__item\">In Grenoble, im Osten des Landes, fuhr ein Auto in eine feiernde Menschenmenge. Laut <a class=\"rtr-entity\" href=\"https:\/\/www.zeit.de\/thema\/polizei\" target=\"_blank\" rel=\"noopener\">Polizei<\/a> handelte es sich um einen Unfall. Vier Mitglieder<br \/>\n einer Familie wurden demnach verletzt, zwei von ihnen schwer.\n<\/p>\n<p class=\"paragraph article__item\">Im D\u00e9partement Manche \u2013 im Nordwesten des Landes \u2013 wurde ein Polizist in der Stadt Coutances von einem Feuerwerksk\u00f6rper im Gesicht getroffen und musste laut der Nachrichtenagentur AFP ins k\u00fcnstliche Koma versetzt werden.\n<\/p>\n<p>        Randale auf den Stra\u00dfen von Paris        <\/p>\n<p class=\"paragraph article__item\">Die meisten Vorf\u00e4lle gab es in Paris. Hier pl\u00fcnderten Randalierer Gesch\u00e4fte, schlugen Fensterscheiben ein und z\u00fcndeten Autos an.\n<\/p>\n<p>                            \u00a9\u00a0Lea Dohle<\/p>\n<p>\n                    Newsletter<\/p>\n<p>                    Was jetzt? \u2013 Der t\u00e4gliche Morgen\u00fcberblick<\/p>\n<p class=\"newsletter-signup__text\">Starten Sie mit unserem kurzen Nachrichten-Newsletter in den Tag. Erhalten Sie zudem freitags den US-Sonderletter &#8222;Was jetzt, America?&#8220; sowie das digitale Magazin ZEIT am Wochenende.<\/p>\n<p class=\"newsletter-signup__datapolicy\" hidden=\"\">\n            Mit Ihrer Registrierung nehmen Sie die <a href=\"https:\/\/datenschutz.zeit.de\/zon#Newsletter\" target=\"_blank\" rel=\"noopener\">Datenschutzerkl\u00e4rung<\/a> zur Kenntnis.\n        <\/p>\n<p>    Vielen Dank! Wir haben Ihnen eine E-Mail geschickt.<\/p>\n<p>Pr\u00fcfen Sie Ihr Postfach und best\u00e4tigen Sie das Newsletter-Abonnement.<\/p>\n<p class=\"paragraph article__item\">Ausschreitungen gab es demnach insbesondere auf dem Prachtboulevard Champs-\u00c9lys\u00e9es, der von der Polizei ger\u00e4umt wurde. Aber auch in der N\u00e4he des Prinzenparks gab es Vorf\u00e4lle. Hier hatten sich Zehntausende Fu\u00dfballfans zum Public Viewing versammelt. Die Polizisten wurden teils mit Feuerwerksk\u00f6rpern beschossen und setzten ihrerseits Tr\u00e4nengas ein.\n<\/p>\n<p>                        Innenminister spricht von &#8222;Barbaren&#8220;        <\/p>\n<p class=\"paragraph article__item\">Frankreichs Innenminister <a href=\"https:\/\/www.zeit.de\/politik\/ausland\/2025-05\/frankreich-innenminister-chef-republikaner-macron\" class=\"\" target=\"_blank\" rel=\"noopener\">Bruno Retailleau<\/a> schrieb am Abend auf X von &#8222;Barbaren&#8220;, die Einsatzkr\u00e4fte provoziert h\u00e4tten, w\u00e4hrend wahre Fans sich f\u00fcr das Endspiel zwischen PSG und Inter Mailand in M\u00fcnchen begeisterten. Sp\u00e4ter teilte er einen Aufruf des Pariser Clubs an alle Fans, sich respektvoll und friedlich zu verhalten.\n<\/p>\n<p class=\"paragraph article__item\">Mit einem <a href=\"https:\/\/www.zeit.de\/sport\/2025-05\/paris-saint-germain-gewinnt-champions-league-finale\" class=\"\" target=\"_blank\" rel=\"noopener\">5:0-Sieg gegen den italienischen Vizemeister<\/a> hatte sich PSG erstmals in der Vereinsgeschichte den Titel in der europ\u00e4ischen K\u00f6nigsklasse gesichert. Ausgetragen wurde das Finale in M\u00fcnchen, wo franz\u00f6sische Fans nach Abpfiff mit einem Platzsturm feierten und dabei auch den Rasen im Stadion besch\u00e4digten.\u00a0\n<\/p>\n<p>        Im Finalort M\u00fcnchen blieb es ruhig        <\/p>\n<p class=\"paragraph article__item\">Auf den Stra\u00dfen der bayerischen Landeshauptstadt blieb es dagegen weitgehend friedlich. Der \u00fcberwiegende Teil der Fans von Paris Saint-Germain und Inter Mailand habe sich &#8222;trotz der Brisanz des Spiels friedlich und fair&#8220; benommen,\u00a0hei\u00dft es in einer <a href=\"https:\/\/www.polizei.bayern.de\/aktuelles\/pressemitteilungen\/085981\/index.html\" class=\"\" target=\"_blank\" rel=\"nofollow noopener\">Mitteilung der M\u00fcnchner Polizei<\/a>.\n<\/p>\n<p class=\"paragraph article__item\">Stand 0.30 Uhr am Sonntagmorgen wurden im Verlauf des Einsatzes 15 Menschen wegen verschiedener Delikte wie Taschendiebstahl und Hausfriedensbruch vorl\u00e4ufig festgenommen, 64 wurden angezeigt, etwa wegen K\u00f6rperverletzung oder Verst\u00f6\u00dfen mit Pyrotechnik. &#8222;Ich bedanke mich bei allen friedlichen Fans f\u00fcr ihr sportliches Verhalten sowie bei unseren Kooperationspartnern aus dem In- und Ausland f\u00fcr die professionelle Unterst\u00fctzung und allen eingesetzten Kr\u00e4ften f\u00fcr ihren engagierten Einsatz&#8220;, sagte Polizeivizepr\u00e4sident Christian Huber.<\/p>\n","protected":false},"excerpt":{"rendered":"In der Nacht des historischen Champions-League-Triumphs von Paris Saint-Germain ist es in Paris und anderen franz\u00f6sischen St\u00e4dten zu&hellip;\n","protected":false},"author":2,"featured_media":156916,"comment_status":"","ping_status":"","sticky":false,"template":"","format":"standard","meta":{"footnotes":""},"categories":[3974],"tags":[331,332,468,2531,548,663,3934,3980,156,347,1724,13,1268,14,15,319,121,12],"class_list":{"0":"post-156915","1":"post","2":"type-post","3":"status-publish","4":"format-standard","5":"has-post-thumbnail","7":"category-frankreich","8":"tag-aktuelle-nachrichten","9":"tag-aktuelle-news","10":"tag-champions-league","11":"tag-champions-league-finale","12":"tag-eu","13":"tag-europa","14":"tag-europe","15":"tag-france","16":"tag-frankreich","17":"tag-fussball","18":"tag-gesellschaft","19":"tag-headlines","20":"tag-muenchen","21":"tag-nachrichten","22":"tag-news","23":"tag-paris","24":"tag-polizei","25":"tag-schlagzeilen"},"share_on_mastodon":{"url":"https:\/\/pubeurope.com\/@de\/114608642753316868","error":""},"_links":{"self":[{"href":"https:\/\/www.europesays.com\/de\/wp-json\/wp\/v2\/posts\/156915","targetHints":{"allow":["GET"]}}],"collection":[{"href":"https:\/\/www.europesays.com\/de\/wp-json\/wp\/v2\/posts"}],"about":[{"href":"https:\/\/www.europesays.com\/de\/wp-json\/wp\/v2\/types\/post"}],"author":[{"embeddable":true,"href":"https:\/\/www.europesays.com\/de\/wp-json\/wp\/v2\/users\/2"}],"replies":[{"embeddable":true,"href":"https:\/\/www.europesays.com\/de\/wp-json\/wp\/v2\/comments?post=156915"}],"version-history":[{"count":0,"href":"https:\/\/www.europesays.com\/de\/wp-json\/wp\/v2\/posts\/156915\/revisions"}],"wp:featuredmedia":[{"embeddable":true,"href":"https:\/\/www.europesays.com\/de\/wp-json\/wp\/v2\/media\/156916"}],"wp:attachment":[{"href":"https:\/\/www.europesays.com\/de\/wp-json\/wp\/v2\/media?parent=156915"}],"wp:term":[{"taxonomy":"category","embeddable":true,"href":"https:\/\/www.europesays.com\/de\/wp-json\/wp\/v2\/categories?post=156915"},{"taxonomy":"post_tag","embeddable":true,"href":"https:\/\/www.europesays.com\/de\/wp-json\/wp\/v2\/tags?post=156915"}],"curies":[{"name":"wp","href":"https:\/\/api.w.org\/{rel}","templated":true}]}}