{"id":156917,"date":"2025-06-01T14:44:11","date_gmt":"2025-06-01T14:44:11","guid":{"rendered":"https:\/\/www.europesays.com\/de\/156917\/"},"modified":"2025-06-01T14:44:11","modified_gmt":"2025-06-01T14:44:11","slug":"21st-austria-weekly-cpi-europe-29-05-2025-2","status":"publish","type":"post","link":"https:\/\/www.europesays.com\/de\/156917\/","title":{"rendered":"21st Austria weekly &#8211; CPI Europe (29\/05\/2025)"},"content":{"rendered":"<p>  01.06.2025,<br \/>\n    923 Zeichen<br \/>\n<br clear=\"all\"\/><\/p>\n<p><strong>CPI Europe<\/strong>: Real estate company CPI Europe started the 2025 financial year with solid performance and rental income amounted to \u20ac139.0 million in the first quarter 2025. The year-on-year decline in rental income is, however, attributable to property sales in the 2024 financial year. The results of asset management were also slightly below the previous year with a decline of 2.9% to \u20ac116.5 million. The results of operations improved by 1.4% to \u20ac105.7 million. FFO 1 after tax equalled \u20ac57.1 million in the first quarter of 2025 (Q1 2024: \u20ac69.7 million). Revaluations (including property development and property sales) totalled \u2013\u20ac14.3 million, compared with \u2013\u20ac9.9 million in first quarter of the previous year. CPI Europe generated net profit of \u20ac47.5 million in the first quarter of 2025.<br \/><strong>CPI Europe AG:<\/strong> weekly performance: -0.78%<\/p>\n<p>(From the 21st Austria weekly <a href=\"https:\/\/www.boerse-social.com\/21staustria \" target=\"_blank\" rel=\"noopener\">https:\/\/www.boerse-social.com\/21staustria<\/a> (29\/05\/2025)<\/p>\n<p>\n BSN Podcasts\n<\/p>\n<p><a href=\"https:\/\/audio-cd.at\/page\/podcast\/7366\/\" style=\"text-decoration:none;line-height:1px;font-size:14px;color:#333\" target=\"_blank\" rel=\"noopener\"><br \/>\n      <b>Christian Drastil: Wiener B\u00f6rse Plausch<\/b><br \/>\n      <img decoding=\"async\" src=\"https:\/\/www.europesays.com\/de\/wp-content\/uploads\/2025\/06\/1748789050_83_100.jpeg\" style=\"width:50px; float:left;margin-right:10px;margin-top:2px\"\/><\/p>\n<p style=\"font-size:14px;margin-bottom:0;font-weight:normal;margin-top:6px;line-height:13px\">kapitalmarkt-stimme.at daily voice 152\/365: Zahlen\/Fakten nach Woche 22, damit man bzgl. Wr. B\u00f6rse mitreden und sie einreihen kann\n        <\/p>\n<p>      <\/a><\/p>\n<p>\u00a0<\/p>\n<p>    <br clear=\"all\"\/><br \/>\n        Bildnachweis<\/p>\n<p style=\"font-size:12px;margin-bottom:8px\">\n          1.<br \/>\n          21st Austria Weekly<\/p>\n<p><a href=\"https:\/\/boerse-social.com\/radar\/01.06.2025\" target=\"_blank\" rel=\"noopener\"><\/p>\n<p><b style=\"color:#333\">Aktien auf dem Radar:<\/b>Strabag, Austriacard Holdings AG, Verbund, Addiko Bank, EuroTeleSites AG, Flughafen Wien, RBI, ATX Prime, Pierer Mobility, VIG, Warimpex, Zumtobel, Porr, EVN, AT&amp;S, Gurktaler AG Stamm, Lenzing, Polytec Group, Marinomed Biotech, Oberbank AG Stamm, Amag, FACC, OMV, Palfinger, \u00d6sterreichische Post, Telekom Austria, Uniqa, Fresenius Medical Care, E.ON , HeidelbergCement, Siemens.\n    <\/p>\n<p><\/a> <\/p>\n<p>  <a href=\"https:\/\/boerse-social.com\/partner\" target=\"_blank\" rel=\"noopener\">Random Partner<\/a><\/p>\n<p>            <a href=\"https:\/\/www.freisinger-enterprises.at\" target=\"_blank\" style=\"border:0\" rel=\"noopener\"><br \/>\n                <img decoding=\"async\" src=\"https:\/\/www.europesays.com\/de\/wp-content\/uploads\/2025\/06\/1748789051_621_200.png\" style=\"width:100px;\"\/><br \/>\n            <\/a><\/p>\n<p class=\"content\">\n            <a href=\"https:\/\/www.freisinger-enterprises.at\" target=\"_blank\" rel=\"noopener\"><b style=\"font-weight:500;border-bottom:1px dotted #999\">Freisinger<\/b><\/a><br \/>FREISINGER enterprises setzt auf Old-Economy im Bereich von technischen und industriellen G\u00fctern. Pers\u00f6nlicher Kontakt mit einer guten Mischung aus E-Commerce ergeben eine optimale Vertriebsstruktur f\u00fcr technische Gase, Zubeh\u00f6r und Dienstleistungen.\n        <\/p>\n<p style=\"padding-left:8px\">&gt;&gt; Besuchen Sie 60 weitere Partner auf <a href=\"http:\/\/boerse-social.com\/partner\" style=\"border-bottom:1px dotted #999\" target=\"_blank\" rel=\"noopener\">boerse-social.com\/partner<\/a><\/p>\n<p><br clear=\"all\"\/><\/p>\n","protected":false},"excerpt":{"rendered":"01.06.2025, 923 Zeichen CPI Europe: Real estate company CPI Europe started the 2025 financial year with solid performance&hellip;\n","protected":false},"author":2,"featured_media":156768,"comment_status":"","ping_status":"","sticky":false,"template":"","format":"standard","meta":{"footnotes":""},"categories":[3933],"tags":[55076,55079,19836,331,332,19833,18112,548,663,158,3934,3935,43647,13081,13,14,15,55077,15111,55078,12,22824],"class_list":{"0":"post-156917","1":"post","2":"type-post","3":"status-publish","4":"format-standard","5":"has-post-thumbnail","7":"category-eu","8":"tag-pic1cpi","9":"tag-2025-cpi","10":"tag-ag","11":"tag-aktuelle-nachrichten","12":"tag-aktuelle-news","13":"tag-austria","14":"tag-cpi","15":"tag-eu","16":"tag-europa","17":"tag-europaeische-union","18":"tag-europe","19":"tag-european-union","20":"tag-ffo","21":"tag-from","22":"tag-headlines","23":"tag-nachrichten","24":"tag-news","25":"tag-q1","26":"tag-real","27":"tag-revaluations","28":"tag-schlagzeilen","29":"tag-the"},"share_on_mastodon":{"url":"https:\/\/pubeurope.com\/@de\/114608646688061772","error":""},"_links":{"self":[{"href":"https:\/\/www.europesays.com\/de\/wp-json\/wp\/v2\/posts\/156917","targetHints":{"allow":["GET"]}}],"collection":[{"href":"https:\/\/www.europesays.com\/de\/wp-json\/wp\/v2\/posts"}],"about":[{"href":"https:\/\/www.europesays.com\/de\/wp-json\/wp\/v2\/types\/post"}],"author":[{"embeddable":true,"href":"https:\/\/www.europesays.com\/de\/wp-json\/wp\/v2\/users\/2"}],"replies":[{"embeddable":true,"href":"https:\/\/www.europesays.com\/de\/wp-json\/wp\/v2\/comments?post=156917"}],"version-history":[{"count":0,"href":"https:\/\/www.europesays.com\/de\/wp-json\/wp\/v2\/posts\/156917\/revisions"}],"wp:featuredmedia":[{"embeddable":true,"href":"https:\/\/www.europesays.com\/de\/wp-json\/wp\/v2\/media\/156768"}],"wp:attachment":[{"href":"https:\/\/www.europesays.com\/de\/wp-json\/wp\/v2\/media?parent=156917"}],"wp:term":[{"taxonomy":"category","embeddable":true,"href":"https:\/\/www.europesays.com\/de\/wp-json\/wp\/v2\/categories?post=156917"},{"taxonomy":"post_tag","embeddable":true,"href":"https:\/\/www.europesays.com\/de\/wp-json\/wp\/v2\/tags?post=156917"}],"curies":[{"name":"wp","href":"https:\/\/api.w.org\/{rel}","templated":true}]}}