{"id":156939,"date":"2025-06-01T14:57:09","date_gmt":"2025-06-01T14:57:09","guid":{"rendered":"https:\/\/www.europesays.com\/de\/156939\/"},"modified":"2025-06-01T14:57:09","modified_gmt":"2025-06-01T14:57:09","slug":"positive-bilanz-zur-halbzeit-der-dresdner-musikfestspiele","status":"publish","type":"post","link":"https:\/\/www.europesays.com\/de\/156939\/","title":{"rendered":"Positive Bilanz zur Halbzeit der Dresdner Musikfestspiele"},"content":{"rendered":"<p>Die Dresdner Musikfestspiele ziehen bereits zur Halbzeit ihres Jahrgangs \u00abLiebe\u00bb eine positive Bilanz. Laut Mitteilung waren 22 und damit fast zwei Drittel der bisher 32 Konzerte seit dem 17. Mai ausverkauft, darunter die Gastspiele des NHK Symphony Orchestra Tokyo, des Chicago Symphony Orchestra und des London Symphony Orchestra, der Tanzcompagnie Sasha Waltz oder von Schauspielerin Martina Gedeck. Zudem lockten der Open-Air-Klassiker \u00abDresden singt &amp; musiziert\u00bb und das Mitmachprojekt \u00abKlingende Stadt\u00bb Tausende Menschen an.<\/p>\n<p>Bis zum 14. Juni erwartet werden noch Popstar Ronan Keating, Max Herre &amp; Joy Denalane, Schauspieler Lars Eidinger, David Orlowsky und Band sowie Janine Jansen und Camerata Salzburg. Angek\u00fcndigt sind zudem ein Konzert von Berlin Philharmonic Brass mit Cellist Jan Vogler sowie bei \u00abRevolta\u00bb ein Mix aus Hip-Hop und klassischer Musik. Richard Wagners \u00abSiegfried\u00bb in historischer Auff\u00fchrungspraxis mit dem Festspielorchester und Concerto K\u00f6ln unter Leitung von Kent Nagano beschlie\u00dft den Jahrgang 2025.<\/p>\n<p>Die Einnahmen werden dringend gebraucht, da auch das renommierte Festival vom Sparkurs der \u00f6ffentlichen Hand nicht verschont bleibt. F\u00fcr die 48. Ausgabe k\u00f6nnen die Organisatoren auf einen Etat von f\u00fcnf Millionen Euro zur\u00fcckgreifen. Das ist deutlich weniger als in den vergangenen Jahren &#8211; auch weil Bundesmittel nach der Regierungsbildung bisher nicht flossen.<\/p>\n","protected":false},"excerpt":{"rendered":"Die Dresdner Musikfestspiele ziehen bereits zur Halbzeit ihres Jahrgangs \u00abLiebe\u00bb eine positive Bilanz. Laut Mitteilung waren 22 und&hellip;\n","protected":false},"author":2,"featured_media":156940,"comment_status":"","ping_status":"","sticky":false,"template":"","format":"standard","meta":{"footnotes":""},"categories":[1835],"tags":[3364,29,2386,25663,30,810,859],"class_list":{"0":"post-156939","1":"post","2":"type-post","3":"status-publish","4":"format-standard","5":"has-post-thumbnail","7":"category-dresden","8":"tag-de","9":"tag-deutschland","10":"tag-dresden","11":"tag-festspiele","12":"tag-germany","13":"tag-musik","14":"tag-sachsen"},"share_on_mastodon":{"url":"https:\/\/pubeurope.com\/@de\/114608697640162125","error":""},"_links":{"self":[{"href":"https:\/\/www.europesays.com\/de\/wp-json\/wp\/v2\/posts\/156939","targetHints":{"allow":["GET"]}}],"collection":[{"href":"https:\/\/www.europesays.com\/de\/wp-json\/wp\/v2\/posts"}],"about":[{"href":"https:\/\/www.europesays.com\/de\/wp-json\/wp\/v2\/types\/post"}],"author":[{"embeddable":true,"href":"https:\/\/www.europesays.com\/de\/wp-json\/wp\/v2\/users\/2"}],"replies":[{"embeddable":true,"href":"https:\/\/www.europesays.com\/de\/wp-json\/wp\/v2\/comments?post=156939"}],"version-history":[{"count":0,"href":"https:\/\/www.europesays.com\/de\/wp-json\/wp\/v2\/posts\/156939\/revisions"}],"wp:featuredmedia":[{"embeddable":true,"href":"https:\/\/www.europesays.com\/de\/wp-json\/wp\/v2\/media\/156940"}],"wp:attachment":[{"href":"https:\/\/www.europesays.com\/de\/wp-json\/wp\/v2\/media?parent=156939"}],"wp:term":[{"taxonomy":"category","embeddable":true,"href":"https:\/\/www.europesays.com\/de\/wp-json\/wp\/v2\/categories?post=156939"},{"taxonomy":"post_tag","embeddable":true,"href":"https:\/\/www.europesays.com\/de\/wp-json\/wp\/v2\/tags?post=156939"}],"curies":[{"name":"wp","href":"https:\/\/api.w.org\/{rel}","templated":true}]}}