{"id":157023,"date":"2025-06-01T15:42:13","date_gmt":"2025-06-01T15:42:13","guid":{"rendered":"https:\/\/www.europesays.com\/de\/157023\/"},"modified":"2025-06-01T15:42:13","modified_gmt":"2025-06-01T15:42:13","slug":"wie-karl-marx-jetzt-zum-murmeln-einlaedt","status":"publish","type":"post","link":"https:\/\/www.europesays.com\/de\/157023\/","title":{"rendered":"Wie Karl Marx jetzt zum Murmeln einl\u00e4dt"},"content":{"rendered":"<p class=\"bold\">\n\t\t\t\t\t\t\t\t\t\tIn der Chemnitzer Tourist-Information gibt es ein neues Souvenir. Es l\u00e4dt zum Rollen und Gedanken kreisen lassen ein. Auch Spielen ist Kultur.\t\t\t\t<\/p>\n<p>\t\t\t\t Dass Kultur nicht nur Musik oder Malerei ist, sondern auch das Spielen mit Spielzeug dazu geh\u00f6rt, darauf will die kleine Rabensteiner Firma \u201eBaumkinder\u201c gerade aufmerksam machen. Seit vier Jahren produziert das Start-up in einer Werkstatt in Burgst\u00e4dt Spielzeug aus Holz. Hauptprodukt sind Murmelbahnen in verschiedenen Varianten und Gr\u00f6\u00dfen&#8230;.<\/p>\n<p>\t\t<img decoding=\"async\" class=\"fp-plus-logo\" src=\"https:\/\/www.europesays.com\/de\/wp-content\/uploads\/2025\/04\/fpplus.svg.svg+xml\" alt=\"Freie Presse plus Logo\"\/><\/p>\n<p>Registrieren und testen.<\/p>\n<p>Jetzt mit Ihrer Registrierung 1 Monat gratis testen und alle Beitr\u00e4ge lesen.<\/p>\n<p>Schon Abonnent? Melden Sie sich mit ihren Zugangsdaten an.<\/p>\n","protected":false},"excerpt":{"rendered":"In der Chemnitzer Tourist-Information gibt es ein neues Souvenir. Es l\u00e4dt zum Rollen und Gedanken kreisen lassen ein.&hellip;\n","protected":false},"author":2,"featured_media":157024,"comment_status":"","ping_status":"","sticky":false,"template":"","format":"standard","meta":{"footnotes":""},"categories":[1851],"tags":[2770,3364,29,548,663,3934,30,13,7504,14,15,859,12],"class_list":{"0":"post-157023","1":"post","2":"type-post","3":"status-publish","4":"format-standard","5":"has-post-thumbnail","7":"category-chemnitz","8":"tag-chemnitz","9":"tag-de","10":"tag-deutschland","11":"tag-eu","12":"tag-europa","13":"tag-europe","14":"tag-germany","15":"tag-headlines","16":"tag-museen-theater-buehne-ausstellungen","17":"tag-nachrichten","18":"tag-news","19":"tag-sachsen","20":"tag-schlagzeilen"},"share_on_mastodon":{"url":"https:\/\/pubeurope.com\/@de\/114608874743983251","error":""},"_links":{"self":[{"href":"https:\/\/www.europesays.com\/de\/wp-json\/wp\/v2\/posts\/157023","targetHints":{"allow":["GET"]}}],"collection":[{"href":"https:\/\/www.europesays.com\/de\/wp-json\/wp\/v2\/posts"}],"about":[{"href":"https:\/\/www.europesays.com\/de\/wp-json\/wp\/v2\/types\/post"}],"author":[{"embeddable":true,"href":"https:\/\/www.europesays.com\/de\/wp-json\/wp\/v2\/users\/2"}],"replies":[{"embeddable":true,"href":"https:\/\/www.europesays.com\/de\/wp-json\/wp\/v2\/comments?post=157023"}],"version-history":[{"count":0,"href":"https:\/\/www.europesays.com\/de\/wp-json\/wp\/v2\/posts\/157023\/revisions"}],"wp:featuredmedia":[{"embeddable":true,"href":"https:\/\/www.europesays.com\/de\/wp-json\/wp\/v2\/media\/157024"}],"wp:attachment":[{"href":"https:\/\/www.europesays.com\/de\/wp-json\/wp\/v2\/media?parent=157023"}],"wp:term":[{"taxonomy":"category","embeddable":true,"href":"https:\/\/www.europesays.com\/de\/wp-json\/wp\/v2\/categories?post=157023"},{"taxonomy":"post_tag","embeddable":true,"href":"https:\/\/www.europesays.com\/de\/wp-json\/wp\/v2\/tags?post=157023"}],"curies":[{"name":"wp","href":"https:\/\/api.w.org\/{rel}","templated":true}]}}