{"id":157027,"date":"2025-06-01T15:44:13","date_gmt":"2025-06-01T15:44:13","guid":{"rendered":"https:\/\/www.europesays.com\/de\/157027\/"},"modified":"2025-06-01T15:44:13","modified_gmt":"2025-06-01T15:44:13","slug":"unwetter-im-kreis-viersen-feuerwehr-meldet-99-einsaetze","status":"publish","type":"post","link":"https:\/\/www.europesays.com\/de\/157027\/","title":{"rendered":"Unwetter im Kreis Viersen: Feuerwehr meldet 99 Eins\u00e4tze"},"content":{"rendered":"<p class=\"text_ohne_einzug richtext text-em-55 !leading-serif mx-6 desktop:mx-0\">  Weite Teile von Nordrhein-Westfalen waren am vergangenen Wochenende von einem heftigen <a href=\"https:\/\/rp-online.de\/thema\/unwetter\/\" target=\"_blank\" rel=\"noopener\">Unwetter<\/a>, teils mit Starkregen und Hagel, betroffen. Die Leitstelle der <a href=\"https:\/\/rp-online.de\/thema\/feuerwehr\/\" target=\"_blank\" rel=\"noopener\">Feuerwehr<\/a> f\u00fcr den Kreis <a href=\"https:\/\/rp-online.de\/thema\/viersen\/\" target=\"_blank\" rel=\"noopener\">Viersen<\/a> meldete insgesamt 99 Eins\u00e4tze im Kreis. \u201eDabei ging es vor allem um umgest\u00fcrzte B\u00e4ume und vollgelaufene Keller\u201c, so ein Sprecher der Feuerwehr. Nach jetzigem Stand sei niemand verletzt worden, gemeldet wurden bisher nur Sachsch\u00e4den. W\u00e4hrend es in <a href=\"https:\/\/rp-online.de\/thema\/kempen\/\" target=\"_blank\" rel=\"noopener\">Kempen<\/a>, <a href=\"https:\/\/rp-online.de\/thema\/willich\/\" target=\"_blank\" rel=\"noopener\">Willich<\/a> und Grefrath gr\u00f6\u00dftenteils ruhig blieb, musste in <a href=\"https:\/\/rp-online.de\/thema\/toenisvorst\/\" target=\"_blank\" rel=\"noopener\">T\u00f6nisvorst<\/a> 53 mal anger\u00fcckt werden. Besonders betroffen war der Stadtteil St. T\u00f6nis, informiert die Freiwillige Feuerwehr T\u00f6nisvorst. Laut Deutschem Wetterdienst meldete die Messstelle in T\u00f6nisvorst 38 Liter Regen pro Quadratmeter. Das ist am oberen Ende des \u201eUnwetterartigen Starkregens\u201c, ab 40 Liter sprechen Meteorologen von \u201eExtremem Starkregen\u201c.<\/p>\n","protected":false},"excerpt":{"rendered":"Weite Teile von Nordrhein-Westfalen waren am vergangenen Wochenende von einem heftigen Unwetter, teils mit Starkregen und Hagel, betroffen.&hellip;\n","protected":false},"author":2,"featured_media":157028,"comment_status":"","ping_status":"","sticky":false,"template":"","format":"standard","meta":{"footnotes":""},"categories":[1849],"tags":[9180,9904,55136,3364,29,588,26160,548,663,3934,985,30,13,3744,7739,4455,14,15,1209,12,4028,55135,18183],"class_list":{"0":"post-157027","1":"post","2":"type-post","3":"status-publish","4":"format-standard","5":"has-post-thumbnail","7":"category-moenchengladbach","8":"tag-baeume","9":"tag-betroffen","10":"tag-blitze","11":"tag-de","12":"tag-deutschland","13":"tag-einsatz","14":"tag-einsaetze","15":"tag-eu","16":"tag-europa","17":"tag-europe","18":"tag-feuerwehr","19":"tag-germany","20":"tag-headlines","21":"tag-keller","22":"tag-kreis","23":"tag-moenchengladbach","24":"tag-nachrichten","25":"tag-news","26":"tag-nordrhein-westfalen","27":"tag-schlagzeilen","28":"tag-unwetter","29":"tag-unwettern","30":"tag-viersen"},"share_on_mastodon":{"url":"https:\/\/pubeurope.com\/@de\/114608882508803870","error":""},"_links":{"self":[{"href":"https:\/\/www.europesays.com\/de\/wp-json\/wp\/v2\/posts\/157027","targetHints":{"allow":["GET"]}}],"collection":[{"href":"https:\/\/www.europesays.com\/de\/wp-json\/wp\/v2\/posts"}],"about":[{"href":"https:\/\/www.europesays.com\/de\/wp-json\/wp\/v2\/types\/post"}],"author":[{"embeddable":true,"href":"https:\/\/www.europesays.com\/de\/wp-json\/wp\/v2\/users\/2"}],"replies":[{"embeddable":true,"href":"https:\/\/www.europesays.com\/de\/wp-json\/wp\/v2\/comments?post=157027"}],"version-history":[{"count":0,"href":"https:\/\/www.europesays.com\/de\/wp-json\/wp\/v2\/posts\/157027\/revisions"}],"wp:featuredmedia":[{"embeddable":true,"href":"https:\/\/www.europesays.com\/de\/wp-json\/wp\/v2\/media\/157028"}],"wp:attachment":[{"href":"https:\/\/www.europesays.com\/de\/wp-json\/wp\/v2\/media?parent=157027"}],"wp:term":[{"taxonomy":"category","embeddable":true,"href":"https:\/\/www.europesays.com\/de\/wp-json\/wp\/v2\/categories?post=157027"},{"taxonomy":"post_tag","embeddable":true,"href":"https:\/\/www.europesays.com\/de\/wp-json\/wp\/v2\/tags?post=157027"}],"curies":[{"name":"wp","href":"https:\/\/api.w.org\/{rel}","templated":true}]}}