{"id":157045,"date":"2025-06-01T15:53:11","date_gmt":"2025-06-01T15:53:11","guid":{"rendered":"https:\/\/www.europesays.com\/de\/157045\/"},"modified":"2025-06-01T15:53:11","modified_gmt":"2025-06-01T15:53:11","slug":"1-500-fans-feiern-spenges-warmenau-open-air-heizt-den-besuchern-maechtig-ein","status":"publish","type":"post","link":"https:\/\/www.europesays.com\/de\/157045\/","title":{"rendered":"1.500 Fans feiern: Spenge\u2019s Warmenau Open Air heizt den Besuchern m\u00e4chtig ein"},"content":{"rendered":"<p id=\"absatz1\" class=\"em_text\">Spenge. \u201eGanz sch\u00f6n warm heute \u2013 und wir machen es jetzt noch hei\u00dfer\u201c, sagte Henning Kreft und setzte diese Ank\u00fcndigung mit seiner Band Von Weiden direkt in die Tat um. Gleich als erster Act beim diesj\u00e4hrigen Warmenau Open Air sorgte die heimische Combo bereits am Nachmittag f\u00fcr gute Stimmung.<\/p>\n<p id=\"absatz2\" class=\"em_text\">\u201eToll, euch alle hier bei bestem Wetter zu sehen\u201c, freute sich Von Weiden-Frontmann Henning Kreft und bedankte sich auch bei den Helferinnen und Helfern, die schon seit drei Tagen aufgebaut hatten und am Festival-Tag f\u00fcr einen reibungslosen Ablauf, Snacks und k\u00fchle Getr\u00e4nke sorgten.<\/p>\n<p id=\"absatz4\" class=\"em_text\">Und dann legte die Band los und heizte dem Publikum so richtig ein \u2013 mit neueren und \u00e4lteren Hits wie \u201eJ\u00e4gerblut\u201c, \u201eK\u00f6nigin der Stra\u00dfe\u201c und \u201eDiesel im Tank\u201c. Die Festivalbesucher hatten es sich auf Decken im Gras vor der Wiesenb\u00fchne gem\u00fctlich gemacht oder tanzten im warmen Sonnenschein.<\/p>\n<p>\n        \u00d7\n    <\/p>\n<p>\n            Sie erhalten in wenigen Minuten eine E-Mail zur Best\u00e4tigung Ihrer Anmeldung.\n        <\/p>\n<p>Erst danach ist diese abgeschlossen.<\/p>\n<p>Bitte pr\u00fcfen Sie auch den Spam-Ordner.<\/p>\n<p>\n        \u00d7\n    <\/p>\n<p>\n            Sie haben bisher Ihre E-Mail-Adresse noch nicht best\u00e4tigt.\n        <\/p>\n<p>Erst danach ist diese abgeschlossen.<\/p>\n<p>Bitte pr\u00fcfen Sie auch den Spam-Ordner.<\/p>\n<p>\n        \u00d7\n    <\/p>\n<p>\n            Es ist einen Fehler aufgetreten\n        <\/p>\n<p>Bei Fragen hilft unser Newsletter-Support<\/p>\n<p> Newsletter<\/p>\n<p> Update zum Abend<\/p>\n<p>Informiert bleiben mit t\u00e4glichen News aus dem Kreis Herford, OWL und der Welt.<\/p>\n<p>                Jetzt anmelden<\/p>\n<p>Ehrenamtliche Helfer organisieren das Festival<\/p>\n<p class=\"em_text\">\u201eRund 1.500 G\u00e4ste erwarten wir zum Warmenau Open Air\u201c, sagte Ralf Wollbrink, Vorsitzender des Heimatvereins Bard\u00fcttingdorf, der das Festival mit zahlreichen ehrenamtlichen Helfern jedes Jahr auf die Beine stellt. F\u00fcr Unterst\u00fctzung sorgen unter anderem die \u00f6rtliche Feuerwehr und das Deutsche Rote Kreuz.<\/p>\n<p>        <a href=\"https:\/\/www.nw.de\/_em_daten\/_cache\/image\/1xSHprYnRJSjFQYVJUNmYwYzl2V2VoVm5ESkFiVklFS3RsRmhLeHVsSis2QWZMZUwzQUhZa1cyb013eWM3S3JKeXN5T3BncVdRblZBU21jNnIwMUxOOUE9PQ\/250601-1731-615319577.jpg\" class=\"nw-article-image\" title=\"Bei sch\u00f6nstem Sommerwetter tummelten sich die Besucher des Warmenau Open Air auf dem Rasen vor der Wiesenb\u00fchne.\" data-glightbox=\"type: image; description: Bei sch\u00f6nstem Sommerwetter tummelten sich die Besucher des Warmenau Open Air auf dem Rasen vor der Wiesenb\u00fchne.  | \u00a9 Stefanie Boss \" rel=\"nofollow noopener\" target=\"_blank\"><br \/>\n            <img decoding=\"async\" src=\"https:\/\/www.europesays.com\/de\/wp-content\/uploads\/2025\/06\/250601-1731-615319577.jpg\" class=\"nw-img-fluid nw-w-full nw-lazy nw-rounded-t-md\" alt=\"Bei sch\u00f6nstem Sommerwetter tummelten sich die Besucher des Warmenau Open Air auf dem Rasen vor der Wiesenb\u00fchne. - \u00a9 Stefanie Boss\" data-format=\"16:9\"\/><br \/>\n        <\/a><\/p>\n<p>                Bei sch\u00f6nstem Sommerwetter tummelten sich die Besucher des Warmenau Open Air auf dem Rasen vor der Wiesenb\u00fchne.<br \/>\n                                    | \u00a9 Stefanie Boss<\/p>\n<p id=\"absatz6\" class=\"em_text\">\u201eAu\u00dferdem ist die Evangelische Jugend Spenge wieder da f\u00fcr die Kinderbetreuung\u201c, so Ralf Wollbrink. \u201eKulinarisch haben wir unser Angebot erweitert: Es gibt auch Waffeln mit Erdbeeren und Bowle.\u201c Und musikalisch wurde wie immer auf eine runde Mischung von Musikrichtungen, Newcomern und bekannteren Bands gesetzt.<\/p>\n<p id=\"absatz7\" class=\"em_text\">Denn neben Von Weiden traten auch einige weitere Bands aus der n\u00e4heren und weiteren Umgebung auf. Als zweites spielte die Indie-Band Petrol auf der Wiesenb\u00fchne, die Gruppe Taihr aus K\u00f6ln kam mit Rock- und Indie-Songs, S\u00e4ngerin G\u2019emma pr\u00e4sentierte Indie-Soul und die Hamburger Band Tr\u00fcmmer deutschen Rock. Doch was w\u00e4re ein echtes Festival mit nur einer B\u00fchne.<\/p>\n<p>Das gabs auf der zweiten B\u00fchne<\/p>\n<p id=\"absatz8\" class=\"em_text\">Neben der Wiesenb\u00fchne gab es wieder die Hofb\u00fchne. Diese rockten diesmal die Bielefeder Rockband Randale, Skamarley, bei denen sogar ein Einhorn vor der B\u00fchne tanzte und Brausep\u00f6ter mit Punk und New Wave.<\/p>\n<p>        <a href=\"https:\/\/www.nw.de\/_em_daten\/_cache\/image\/1xck9haTZoSUVwTnRXbmpreUw2OFR2bGQ1d2RUNWw1TzJQMk4wQ1c1aXpnb0tnM0hBU1BJTi9BZTZJaHEvV0EwMFJ5QXc1WW1hMWdnNTBIaFVTQTBFRFE9PQ\/250601-1734-615319588.jpg\" class=\"nw-article-image\" title=\"Die Band Skamarley heizte den Besuchern des Festivals auf der Hofb\u00fchne mit Ska Punk ein.\" data-glightbox=\"type: image; description: Die Band Skamarley heizte den Besuchern des Festivals auf der Hofb\u00fchne mit Ska Punk ein.  | \u00a9 Stefanie Boss \" rel=\"nofollow noopener\" target=\"_blank\"><br \/>\n            <img decoding=\"async\" src=\"https:\/\/www.europesays.com\/de\/wp-content\/uploads\/2025\/06\/250601-1734-615319588.jpg\" class=\"nw-img-fluid nw-w-full nw-lazy nw-rounded-t-md\" alt=\"Die Band Skamarley heizte den Besuchern des Festivals auf der Hofb\u00fchne mit Ska Punk ein. - \u00a9 Stefanie Boss\" data-format=\"16:9\"\/><br \/>\n        <\/a><\/p>\n<p>                Die Band Skamarley heizte den Besuchern des Festivals auf der Hofb\u00fchne mit Ska Punk ein.<br \/>\n                                    | \u00a9 Stefanie Boss<\/p>\n<p id=\"absatz9\" class=\"em_text\">Bei den Besuchern kamen die Musikauswahl und die besondere Stimmung in Theos Tenne gut an: \u201eEs ist so friedlich hier, obwohl immer mehr Leute kommen. Als wir das erste Mal hier waren, war alles noch etwas kleiner\u201c sagte ein Festivalgast aus B\u00fcnde. Auch der Lokalkolorit sorge f\u00fcr die besondere Atmosph\u00e4re.<\/p>\n<p id=\"absatz10\" class=\"em_text\">\u201eJedes Jahr versuchen wir einzurichten, dass wir Von Weiden sehen k\u00f6nnen\u201c, berichtete seine Begleitung. \u201eDie machen immer so gute Stimmung, wir sind seit vielen Jahren Fans.\u201c Dieses Jahr war die Spenger Band gleich zweimal zu sehen, machte nicht nur den Anfang, sondern um Mitternacht auch den Schluss auf der Wiesenb\u00fchne.<\/p>\n","protected":false},"excerpt":{"rendered":"Spenge. \u201eGanz sch\u00f6n warm heute \u2013 und wir machen es jetzt noch hei\u00dfer\u201c, sagte Henning Kreft und setzte&hellip;\n","protected":false},"author":2,"featured_media":157046,"comment_status":"","ping_status":"","sticky":false,"template":"","format":"standard","meta":{"footnotes":""},"categories":[1841],"tags":[1605,3364,29,30,22049,55149,731,9311,730,1611,9310,2378,10124,16896,16466,736,9312,1613,1209,55148,10123,55150,55151,32324,55147],"class_list":{"0":"post-157045","1":"post","2":"type-post","3":"status-publish","4":"format-standard","5":"has-post-thumbnail","7":"category-bielefeld","8":"tag-bielefeld","9":"tag-de","10":"tag-deutschland","11":"tag-germany","12":"tag-getrnke","13":"tag-henning-kreft","14":"tag-label_cm-ok","15":"tag-label_familie-freizeit","16":"tag-label_grafik","17":"tag-label_informiere-mich","18":"tag-label_social","19":"tag-label_umfrage","20":"tag-label_video","21":"tag-label_xl-160","22":"tag-meta_artikelklasse_service","23":"tag-meta_copyrights_nw","24":"tag-meta_themen_familie_bildung_freizeit","25":"tag-meta_userneeds_informieremich","26":"tag-nordrhein-westfalen","27":"tag-ralf-wollbrink","28":"tag-serie_nlmittagsnotiz","29":"tag-spenge","30":"tag-warmenau","31":"tag-weiden","32":"tag-wiesenbhne"},"share_on_mastodon":{"url":"","error":"Validation failed: Text character limit of 500 exceeded"},"_links":{"self":[{"href":"https:\/\/www.europesays.com\/de\/wp-json\/wp\/v2\/posts\/157045","targetHints":{"allow":["GET"]}}],"collection":[{"href":"https:\/\/www.europesays.com\/de\/wp-json\/wp\/v2\/posts"}],"about":[{"href":"https:\/\/www.europesays.com\/de\/wp-json\/wp\/v2\/types\/post"}],"author":[{"embeddable":true,"href":"https:\/\/www.europesays.com\/de\/wp-json\/wp\/v2\/users\/2"}],"replies":[{"embeddable":true,"href":"https:\/\/www.europesays.com\/de\/wp-json\/wp\/v2\/comments?post=157045"}],"version-history":[{"count":0,"href":"https:\/\/www.europesays.com\/de\/wp-json\/wp\/v2\/posts\/157045\/revisions"}],"wp:featuredmedia":[{"embeddable":true,"href":"https:\/\/www.europesays.com\/de\/wp-json\/wp\/v2\/media\/157046"}],"wp:attachment":[{"href":"https:\/\/www.europesays.com\/de\/wp-json\/wp\/v2\/media?parent=157045"}],"wp:term":[{"taxonomy":"category","embeddable":true,"href":"https:\/\/www.europesays.com\/de\/wp-json\/wp\/v2\/categories?post=157045"},{"taxonomy":"post_tag","embeddable":true,"href":"https:\/\/www.europesays.com\/de\/wp-json\/wp\/v2\/tags?post=157045"}],"curies":[{"name":"wp","href":"https:\/\/api.w.org\/{rel}","templated":true}]}}