{"id":157051,"date":"2025-06-01T15:56:14","date_gmt":"2025-06-01T15:56:14","guid":{"rendered":"https:\/\/www.europesays.com\/de\/157051\/"},"modified":"2025-06-01T15:56:14","modified_gmt":"2025-06-01T15:56:14","slug":"sc-kapellen-verabschiedet-spieler-mit-einem-heimsieg-gegen-cronenberg","status":"publish","type":"post","link":"https:\/\/www.europesays.com\/de\/157051\/","title":{"rendered":"SC Kapellen verabschiedet Spieler mit einem Heimsieg gegen Cronenberg"},"content":{"rendered":"<p class=\"text_ohne_einzug richtext text-em-55 !leading-serif mx-6 desktop:mx-0\">Es war eine Saison mit mehr Tiefen als H\u00f6hepunkten, doch letztlich endete die Spielzeit doch noch vers\u00f6hnlich f\u00fcr den SC Kapellen. Im wegen des \u00f6rtlichen Sch\u00fctzenfestes auf Samstag vorgezogenen letzten Spiel gab es einen ungef\u00e4hrdeten 3:1 (2:0)-Heimsieg gegen den bereits als Absteiger feststehenden Conenberger SC. Damit landeten das lange gegen den Abstieg k\u00e4mpfende Team in der Abschlusstabelle auf Platz neun.<\/p>\n<p class=\"richtext text-em-55 !leading-serif mx-6 desktop:mx-0\">Eine gute Basis f\u00fcr den anschlie\u00dfenden Mannschaftsabend, bei dem bestimmt auch noch mal die eine oder andere Geschichte \u00fcber die Spieler und Mitglieder des Funktionsteams zu Sprache kam, die vor dem Anpfiff offiziell verabschiedet worden waren. N\u00e4chste Saison im Hintergrund nicht mehr mitarbeiten werden Co-Trainer Stefan Schiffer und Betreuer Uwe Fassbender, im Kader werden k\u00fcnftig Ebenezer Amoah, Joel Mangano, David Erberich, Samuel Campillo, Bilal Ebanhesaten, Luca Knuth und Julian Garcia Ramon insbesondere Robert Wilschrey sowie Can Y\u00fccel fehlen.<\/p>\n<p class=\"richtext text-em-55 !leading-serif mx-6 desktop:mx-0\">\u201eBesonders Robert und Can waren \u00fcber viele Jahre Stammspieler in unserer Mannschaft, diesen Verlust m\u00fcssen wir erst einmal auffangen\u201c, erkl\u00e4rte Kapellens Sportlicher Leiter J\u00f6rg Ferber, der aber klarstellte, dass es aus seiner Sicht kein b\u00f6ses Blut gibt. \u201eWir gehen als Freunde auseinander. Es gibt im Fu\u00dfball immer Gr\u00fcnde, die zu einer Trennung f\u00fchren k\u00f6nnen. Damit k\u00f6nnen wir umgehen.\u201c Dass Robert Wilschrey daran gelegen war, sich vor seinem Wechsel zum Lokalrivalen Holzheim entsprechend seiner Rolle im Verein gut zu verabschieden, zeigte er auch gegen Cronenberg. Dieses Mal stand er in der Startelf und erzielte wie bei seinem Comeback nach langer Verletzung in der Woche beim SV Bergisch Born wieder ein Elfmetertor, er traf zum 3:1.<\/p>\n<p class=\"richtext text-em-55 !leading-serif mx-6 desktop:mx-0\">Um die von Ferber angesprochenen Verluste aufzufangen, arbeiten die sportlich Verantwortlichen des SCK schon seit Wochen am neuen Kader. In Gestalt von Leo Stegner (1. FC M\u00f6nchengladbach), Bryan Schormann (SVG Wei\u00dfenberg), Justin Schiffer (Holzheimer SG), Alexander Fuchs und Janis Waffenschmidt (beide SC Borussia Lindenthal-Hohenlind) sind bekanntlich schon f\u00fcnf neue Spieler verpflichtet worden. Doch es k\u00f6nnte sich noch etwas tun. So berichtet J\u00f6rg Ferber, dass aktuell neun Gastspieler im Training dabei sind. Wie viele davon f\u00fcr den Kader der n\u00e4chsten Saison in die engere Wahl kommen k\u00f6nnten, da wollte sich J\u00f6rg Ferber noch nicht in die Karten schauen lassen. Nur so viel verriet er: \u201eEs gibt noch ein paar offene Gespr\u00e4che.\u201c<\/p>\n","protected":false},"excerpt":{"rendered":"Es war eine Saison mit mehr Tiefen als H\u00f6hepunkten, doch letztlich endete die Spielzeit doch noch vers\u00f6hnlich f\u00fcr&hellip;\n","protected":false},"author":2,"featured_media":157052,"comment_status":"","ping_status":"","sticky":false,"template":"","format":"standard","meta":{"footnotes":""},"categories":[1840],"tags":[13056,13332,3364,29,55160,55163,30,15873,7013,21300,31311,1209,55162,5725,55164,55161,4418],"class_list":{"0":"post-157051","1":"post","2":"type-post","3":"status-publish","4":"format-standard","5":"has-post-thumbnail","7":"category-wuppertal","8":"tag-13056","9":"tag-david","10":"tag-de","11":"tag-deutschland","12":"tag-ferber","13":"tag-gastspieler","14":"tag-germany","15":"tag-heimsieg","16":"tag-joerg","17":"tag-kader","18":"tag-kapellen","19":"tag-nordrhein-westfalen","20":"tag-robert-wilschrey","21":"tag-spiel","22":"tag-stammspieler","23":"tag-verabschiedet","24":"tag-wuppertal"},"share_on_mastodon":{"url":"https:\/\/pubeurope.com\/@de\/114608929763593240","error":""},"_links":{"self":[{"href":"https:\/\/www.europesays.com\/de\/wp-json\/wp\/v2\/posts\/157051","targetHints":{"allow":["GET"]}}],"collection":[{"href":"https:\/\/www.europesays.com\/de\/wp-json\/wp\/v2\/posts"}],"about":[{"href":"https:\/\/www.europesays.com\/de\/wp-json\/wp\/v2\/types\/post"}],"author":[{"embeddable":true,"href":"https:\/\/www.europesays.com\/de\/wp-json\/wp\/v2\/users\/2"}],"replies":[{"embeddable":true,"href":"https:\/\/www.europesays.com\/de\/wp-json\/wp\/v2\/comments?post=157051"}],"version-history":[{"count":0,"href":"https:\/\/www.europesays.com\/de\/wp-json\/wp\/v2\/posts\/157051\/revisions"}],"wp:featuredmedia":[{"embeddable":true,"href":"https:\/\/www.europesays.com\/de\/wp-json\/wp\/v2\/media\/157052"}],"wp:attachment":[{"href":"https:\/\/www.europesays.com\/de\/wp-json\/wp\/v2\/media?parent=157051"}],"wp:term":[{"taxonomy":"category","embeddable":true,"href":"https:\/\/www.europesays.com\/de\/wp-json\/wp\/v2\/categories?post=157051"},{"taxonomy":"post_tag","embeddable":true,"href":"https:\/\/www.europesays.com\/de\/wp-json\/wp\/v2\/tags?post=157051"}],"curies":[{"name":"wp","href":"https:\/\/api.w.org\/{rel}","templated":true}]}}