{"id":157060,"date":"2025-06-01T16:01:18","date_gmt":"2025-06-01T16:01:18","guid":{"rendered":"https:\/\/www.europesays.com\/de\/157060\/"},"modified":"2025-06-01T16:01:18","modified_gmt":"2025-06-01T16:01:18","slug":"irans-atomprogramm-usa-legen-iran-laut-berichten-vorschlag-fuer-atomdeal-vor","status":"publish","type":"post","link":"https:\/\/www.europesays.com\/de\/157060\/","title":{"rendered":"Irans Atomprogramm: USA legen Iran laut Berichten Vorschlag f\u00fcr Atomdeal vor"},"content":{"rendered":"<p class=\"paragraph article__item\">Vor dem Hintergrund der Gespr\u00e4che \u00fcber das <a href=\"https:\/\/www.zeit.de\/thema\/iran\" class=\"\" target=\"_blank\" rel=\"noopener\">iranische<\/a> Atomprogramm hat der <a href=\"https:\/\/www.zeit.de\/thema\/usa\" class=\"\" target=\"_blank\" rel=\"noopener\">US<\/a>-Sondergesandte Steve Witkoff der F\u00fchrung in Teheran laut Medienberichten einen Vorschlag f\u00fcr ein Abkommen unterbreitet.\u00a0Es handele sich um &#8222;einen detaillierten und akzeptablen Vorschlag&#8220;, zitieren etwa die US-Nachrichtenseite Axios und die BBC\u00a0Karoline Leavitt, die Sprecherin von US-Pr\u00e4sident <a href=\"https:\/\/www.zeit.de\/thema\/donald-trump\" class=\"\" target=\"_blank\" rel=\"noopener\">Donald Trump<\/a>.\u00a0Es liege<br \/>\n in <a class=\"rtr-entity\" href=\"https:\/\/www.zeit.de\/thema\/iran\" target=\"_blank\" rel=\"noopener\">Irans<\/a> bestem Interesse, den US-Vorschlag anzunehmen.\n<\/p>\n<p class=\"paragraph article__item\">Der iranische Au\u00dfenminister Abbas Araghtschi schrieb auf X, sein Amtskollege im Oman habe ihm &#8222;Elemente eines US-Deals&#8220; vorgelegt. Man werde darauf &#8222;angemessen&#8220; und entsprechend den &#8222;nationalen Interessen&#8220; des Irans reagieren.\n<\/p>\n<p>        IAEA besorgt \u00fcber Urananreicherung        <\/p>\n<p class=\"paragraph article__item\">In einem Bericht hatte die\u00a0Internationale Atomenergiebeh\u00f6rde (IAEA) zuvor mitgeteilt,\u00a0die<br \/>\nproduzierte Menge an beinahe waffentauglichem Uran im Iran habe binnen<br \/>\nkurzer Zeit um fast 50 Prozent zugenommen. Demnach verf\u00fcgt die Islamische Republik nun bereits \u00fcber fast 409 Kilogramm an Uran mit einem Reinheitsgrad von 60 Prozent. Etwa 42 Kilogramm w\u00fcrden f\u00fcr eine Atomwaffe ausreichen, falls dieses Uran nur noch ein wenig h\u00f6her auf 90 Prozent angereichert w\u00fcrde, hei\u00dft es in diplomatischen Kreisen.\n<\/p>\n<p class=\"paragraph article__item\">Die IAEA zeigte sich &#8222;ernsthaft besorgt&#8220; \u00fcber das Niveau der<br \/>\nUrananreicherung. Zudem wurde die Zusammenarbeit mit Teheran bei der<br \/>\n\u00dcberpr\u00fcfung des iranischen <a class=\"rtr-entity\" href=\"https:\/\/www.zeit.de\/thema\/atomprogramm\" target=\"_blank\" rel=\"noopener\">Atomprogramms<\/a> als &#8222;nicht zufriedenstellend&#8220;<br \/>\nkritisiert.\n<\/p>\n<p>        Netanjahu fordert rasches Handeln        <\/p>\n<p class=\"paragraph article__item\">Der Iran wies den Bericht als politisch motiviert zur\u00fcck. Das iranische<br \/>\nAu\u00dfenministerium behauptet nach Angaben der\u00a0staatlichen<br \/>\nNachrichtenagentur Irna, Israel habe der IAEA gef\u00e4lschte Dokumente<br \/>\ngeschickt, die Grundlage des Berichts seien.\n<\/p>\n<p>                            \u00a9\u00a0Lea Dohle<\/p>\n<p>\n                    Newsletter<\/p>\n<p>                    Was jetzt? \u2013 Der t\u00e4gliche Morgen\u00fcberblick<\/p>\n<p class=\"newsletter-signup__text\">Starten Sie mit unserem kurzen Nachrichten-Newsletter in den Tag. Erhalten Sie zudem freitags den US-Sonderletter &#8222;Was jetzt, America?&#8220; sowie das digitale Magazin ZEIT am Wochenende.<\/p>\n<p class=\"newsletter-signup__datapolicy\" hidden=\"\">\n            Mit Ihrer Registrierung nehmen Sie die <a href=\"https:\/\/datenschutz.zeit.de\/zon#Newsletter\" target=\"_blank\" rel=\"noopener\">Datenschutzerkl\u00e4rung<\/a> zur Kenntnis.\n        <\/p>\n<p>    Vielen Dank! Wir haben Ihnen eine E-Mail geschickt.<\/p>\n<p>Pr\u00fcfen Sie Ihr Postfach und best\u00e4tigen Sie das Newsletter-Abonnement.<\/p>\n<p class=\"paragraph article__item\">Zugleich drohte die Regierung in <a class=\"rtr-entity\" href=\"https:\/\/www.zeit.de\/thema\/teheran\" target=\"_blank\" rel=\"noopener\">Teheran<\/a> mit Vergeltung, sollten die Zahlen des Berichts\u00a0&#8222;f\u00fcr politische Zwecke&#8220; missbraucht werden.\u00a0Araghtschi bezog sich mit einer entsprechenden Warnung vor allem auf Deutschland, Frankreich und Gro\u00dfbritannien, die zuvor Sanktionen gegen den Iran angek\u00fcndigt hatten, sollte das iranische Atomprogramm die Sicherheit Europas bedrohen. Welche Form der Vergeltung das iranische Regime w\u00e4hlen k\u00f6nnte, lie\u00df der Au\u00dfenminister jedoch offen.\n<\/p>\n<p class=\"paragraph article__item\">Israels Ministerpr\u00e4sident <a href=\"https:\/\/www.zeit.de\/thema\/benjamin-netanjahu\" class=\"\" target=\"_blank\" rel=\"noopener\">Benjamin Netanjahu<\/a> forderte die internationale<br \/>\n Gemeinschaft nach Bekanntwerden des Berichts auf, schnell zu handeln.\u00a0In <a href=\"https:\/\/www.zeit.de\/thema\/israel\" class=\"\" target=\"_blank\" rel=\"noopener\">Israel<\/a> wird bef\u00fcrchtet, dass die F\u00fchrung in Teheran den Bau einer f\u00fcr<br \/>\n den j\u00fcdischen Staat existenzgef\u00e4hrdenden Atombombe anstrebt. Es gibt<br \/>\nSpekulationen, dass Israel m\u00f6glicherweise einen Angriff auf Atomanlagen<br \/>\nim Iran vorbereitet. Trump hatte zuletzt nach eigenen Angaben Netanjahu vor m\u00f6glichen Handlungen gewarnt, die die Atomgespr\u00e4che mit dem Iran st\u00f6ren k\u00f6nnten.\u00a0\n<\/p>\n<p>Mehr zum Thema<\/p>\n<p>                <a href=\"https:\/\/www.zeit.de\/politik\/ausland\/2025-05\/iran-frauen-kopftuch-hidschab-nationalrat-protest\" data-ct-label=\"Menschenrechte im Iran: Irans Sicherheitsrat stoppt Kopftuchgesetz trotz Parlamentsbeschluss\" target=\"_blank\" rel=\"noopener\"><\/p>\n<p>                        Menschenrechte im Iran:<br \/>\n                        Irans Sicherheitsrat stoppt Kopftuchgesetz trotz Parlamentsbeschluss<\/p>\n<p>                <\/a><\/p>\n<p>                <a href=\"https:\/\/www.zeit.de\/kultur\/film\/2025-05\/jafar-panahi-regisseur-iran-filmfestival-cannes\" data-ct-label=\"Jafar Panahi \u2022 Z+ Empfehlung: &quot;Sie sp\u00fcren, dass ihre Macht ein Ende hat&quot;\" target=\"_blank\" rel=\"noopener\"><\/p>\n<p>                        Jafar Panahi \u2022 Z+ Empfehlung:<br \/>\n                        &#8222;Sie sp\u00fcren, dass ihre Macht ein Ende hat&#8220;<\/p>\n<p>                <\/a><\/p>\n<p>                <a href=\"https:\/\/www.zeit.de\/politik\/2025-05\/iran-atomabkommen-saudi-arabien-politikpodcast\" data-ct-label=\"Politikpodcast: &quot;Ich glaube an nichts mehr, das System ist so kaputt&quot;\" target=\"_blank\" rel=\"noopener\"><\/p>\n<p>        Z+ (abopflichtiger Inhalt);<\/p>\n<p>    Politikpodcast:<br \/>\n                        &#8222;Ich glaube an nichts mehr, das System ist so kaputt&#8220;<\/p>\n<p>                <\/a><\/p>\n","protected":false},"excerpt":{"rendered":"Vor dem Hintergrund der Gespr\u00e4che \u00fcber das iranische Atomprogramm hat der US-Sondergesandte Steve Witkoff der F\u00fchrung in Teheran&hellip;\n","protected":false},"author":2,"featured_media":157061,"comment_status":"","ping_status":"","sticky":false,"template":"","format":"standard","meta":{"footnotes":""},"categories":[3977],"tags":[331,332,346,14956,13,345,55165,14,15,16,12,9976,4017,4018,55166,4016,64,4019,4020],"class_list":{"0":"post-157060","1":"post","2":"type-post","3":"status-publish","4":"format-standard","5":"has-post-thumbnail","7":"category-usa","8":"tag-aktuelle-nachrichten","9":"tag-aktuelle-news","10":"tag-atomprogramm","11":"tag-atomwaffe","12":"tag-headlines","13":"tag-iran","14":"tag-irans-atomprogramm","15":"tag-nachrichten","16":"tag-news","17":"tag-politik","18":"tag-schlagzeilen","19":"tag-teheran","20":"tag-united-states","21":"tag-united-states-of-america","22":"tag-uran","23":"tag-us","24":"tag-usa","25":"tag-vereinigte-staaten","26":"tag-vereinigte-staaten-von-amerika"},"share_on_mastodon":{"url":"https:\/\/pubeurope.com\/@de\/114608949589298226","error":""},"_links":{"self":[{"href":"https:\/\/www.europesays.com\/de\/wp-json\/wp\/v2\/posts\/157060","targetHints":{"allow":["GET"]}}],"collection":[{"href":"https:\/\/www.europesays.com\/de\/wp-json\/wp\/v2\/posts"}],"about":[{"href":"https:\/\/www.europesays.com\/de\/wp-json\/wp\/v2\/types\/post"}],"author":[{"embeddable":true,"href":"https:\/\/www.europesays.com\/de\/wp-json\/wp\/v2\/users\/2"}],"replies":[{"embeddable":true,"href":"https:\/\/www.europesays.com\/de\/wp-json\/wp\/v2\/comments?post=157060"}],"version-history":[{"count":0,"href":"https:\/\/www.europesays.com\/de\/wp-json\/wp\/v2\/posts\/157060\/revisions"}],"wp:featuredmedia":[{"embeddable":true,"href":"https:\/\/www.europesays.com\/de\/wp-json\/wp\/v2\/media\/157061"}],"wp:attachment":[{"href":"https:\/\/www.europesays.com\/de\/wp-json\/wp\/v2\/media?parent=157060"}],"wp:term":[{"taxonomy":"category","embeddable":true,"href":"https:\/\/www.europesays.com\/de\/wp-json\/wp\/v2\/categories?post=157060"},{"taxonomy":"post_tag","embeddable":true,"href":"https:\/\/www.europesays.com\/de\/wp-json\/wp\/v2\/tags?post=157060"}],"curies":[{"name":"wp","href":"https:\/\/api.w.org\/{rel}","templated":true}]}}