{"id":157062,"date":"2025-06-01T16:02:38","date_gmt":"2025-06-01T16:02:38","guid":{"rendered":"https:\/\/www.europesays.com\/de\/157062\/"},"modified":"2025-06-01T16:02:38","modified_gmt":"2025-06-01T16:02:38","slug":"apple-klagt-gegen-uk-forderung-nach-icloud-backdoor","status":"publish","type":"post","link":"https:\/\/www.europesays.com\/de\/157062\/","title":{"rendered":"Apple klagt gegen UK-Forderung nach iCloud-Backdoor"},"content":{"rendered":"<p>      <a name=\"body\"\/><\/p>\n<p>Apple wehrt sich gegen britische Backdoor-Forderungen f\u00fcr iCloud-Daten und reicht Klage ein, wie die Financial Times <a href=\"https:\/\/www.ft.com\/content\/3d8fe709-f17a-44a6-97ae-f1bbe6d0dccd\" rel=\"nofollow noopener\" target=\"_blank\">berichtet<\/a>. Der Technologiekonzern zeigt sich entschlossen, die Privatsph\u00e4re seiner Nutzenden zu sch\u00fctzen.<\/p>\n<p>Quickread: Auf einen Blick<\/p>\n<ul>\n<li>Britische Regierung fordert weltweiten Zugang zu verschl\u00fcsselten iCloud-Daten<\/li>\n<li>Apple deaktiviert Advanced Data Protection in UK und reicht Klage ein<\/li>\n<li>US-Regierung pr\u00fcft m\u00f6gliche Verletzung des CLOUD Acts durch UK-Forderungen<\/li>\n<\/ul>\n<p>Apples Kampf f\u00fcr die Privatsph\u00e4re seiner Nutzenden<\/p>\n<p>Die britische Regierung verlangt von Apple einen Zugang zu verschl\u00fcsselten iCloud-Daten \u2013 und das nicht nur in Gro\u00dfbritannien, sondern weltweit. Der iPhone-Hersteller hat bereits erste Konsequenzen gezogen und die Advanced Data Protection (ADP) in Gro\u00dfbritannien deaktiviert. Nun geht Apple noch einen Schritt weiter und reicht Klage beim britischen Investigatory Powers Tribunal ein.<\/p>\n<p>Die Folgen f\u00fcr britische Apple-Nutzende<\/p>\n<p>Durch die Deaktivierung von ADP m\u00fcssen britische Nutzende vorerst auf die Ende-zu-Ende-Verschl\u00fcsselung ihrer iCloud-Daten verzichten. Die Standardverschl\u00fcsselung bleibt zwar bestehen, bietet aber nicht dasselbe Schutzniveau. Dienste wie iMessage und FaceTime sind aktuell noch nicht betroffen, k\u00f6nnten aber in Zukunft ebenfalls eingestellt werden, sollte sich die Situation weiter zuspitzen.<\/p>\n<p>Internationale Auswirkungen des Konflikts<\/p>\n<p>Die US-Regierung pr\u00fcft derzeit, ob die britischen Forderungen gegen den CLOUD Act versto\u00dfen. Dieses Abkommen regelt den gegenseitigen Datenzugriff zwischen den USA und Gro\u00dfbritannien. Besonders brisant: Die USA setzen sich aktuell verst\u00e4rkt f\u00fcr Ende-zu-Ende-Verschl\u00fcsselung ein, um sich gegen ausl\u00e4ndische Cyberangriffe zu sch\u00fctzen.<\/p>\n<p>Ende-zu-Ende-Verschl\u00fcsselung erkl\u00e4rt!<\/p>\n<p>Bei der Ende-zu-Ende-Verschl\u00fcsselung werden Daten so verschl\u00fcsselt, dass nur Sender und Empf\u00e4nger sie lesen k\u00f6nnen. Selbst der Anbieter des Dienstes hat keinen Zugriff auf die Inhalte. Diese Technologie gilt als sicherste Form der digitalen Kommunikation und des Datenschutzes.<\/p>\n<p>Apples konsequente Haltung<\/p>\n<p>Der Konzern aus Cupertino bleibt seiner Linie treu und k\u00e4mpft weiter gegen staatliche Backdoor-Forderungen. Diese Position vertrat Apple bereits 2016 erfolgreich im Fall des iPhone-Entsperrens nach dem Anschlag in San Bernardino. Auch damals weigerte sich das Unternehmen, eine Hintert\u00fcr in seine Systeme einzubauen.<\/p>\n<p>Die aktuelle Situation zeigt deutlich: Apple ist bereit, wirtschaftliche Nachteile in Kauf zu nehmen, um die Privatsph\u00e4re seiner Nutzenden zu sch\u00fctzen. Der Ausgang des Rechtsstreits k\u00f6nnte richtungsweisend f\u00fcr die gesamte Tech-Branche sein.<\/p>\n","protected":false},"excerpt":{"rendered":"Apple wehrt sich gegen britische Backdoor-Forderungen f\u00fcr iCloud-Daten und reicht Klage ein, wie die Financial Times berichtet. Der&hellip;\n","protected":false},"author":2,"featured_media":157063,"comment_status":"","ping_status":"","sticky":false,"template":"","format":"standard","meta":{"footnotes":""},"categories":[3976],"tags":[331,332,231,54345,1743,2690,3961,13,43390,7453,14,15,139,12,4585,3992,3993,3994,3995,3996,3997,55167],"class_list":{"0":"post-157062","1":"post","2":"type-post","3":"status-publish","4":"format-standard","5":"has-post-thumbnail","7":"category-vereinigtes-koenigreich","8":"tag-aktuelle-nachrichten","9":"tag-aktuelle-news","10":"tag-apple","11":"tag-cloud","12":"tag-datenschutz","13":"tag-gericht","14":"tag-grou00dfbritannien","15":"tag-headlines","16":"tag-icloud","17":"tag-kampf","18":"tag-nachrichten","19":"tag-news","20":"tag-regierung","21":"tag-schlagzeilen","22":"tag-software","23":"tag-uk","24":"tag-united-kingdom","25":"tag-united-kingdom-of-great-britain-and-northern-ireland","26":"tag-vereinigtes-koenigreich","27":"tag-vereinigtes-koenigreich-grossbritannien-und-nordirland","28":"tag-vereinigtes-koenigreich-von-grossbritannien-und-nordirland","29":"tag-verschlu00fcsselung"},"share_on_mastodon":{"url":"https:\/\/pubeurope.com\/@de\/114608953463460998","error":""},"_links":{"self":[{"href":"https:\/\/www.europesays.com\/de\/wp-json\/wp\/v2\/posts\/157062","targetHints":{"allow":["GET"]}}],"collection":[{"href":"https:\/\/www.europesays.com\/de\/wp-json\/wp\/v2\/posts"}],"about":[{"href":"https:\/\/www.europesays.com\/de\/wp-json\/wp\/v2\/types\/post"}],"author":[{"embeddable":true,"href":"https:\/\/www.europesays.com\/de\/wp-json\/wp\/v2\/users\/2"}],"replies":[{"embeddable":true,"href":"https:\/\/www.europesays.com\/de\/wp-json\/wp\/v2\/comments?post=157062"}],"version-history":[{"count":0,"href":"https:\/\/www.europesays.com\/de\/wp-json\/wp\/v2\/posts\/157062\/revisions"}],"wp:featuredmedia":[{"embeddable":true,"href":"https:\/\/www.europesays.com\/de\/wp-json\/wp\/v2\/media\/157063"}],"wp:attachment":[{"href":"https:\/\/www.europesays.com\/de\/wp-json\/wp\/v2\/media?parent=157062"}],"wp:term":[{"taxonomy":"category","embeddable":true,"href":"https:\/\/www.europesays.com\/de\/wp-json\/wp\/v2\/categories?post=157062"},{"taxonomy":"post_tag","embeddable":true,"href":"https:\/\/www.europesays.com\/de\/wp-json\/wp\/v2\/tags?post=157062"}],"curies":[{"name":"wp","href":"https:\/\/api.w.org\/{rel}","templated":true}]}}