{"id":157110,"date":"2025-06-01T16:28:09","date_gmt":"2025-06-01T16:28:09","guid":{"rendered":"https:\/\/www.europesays.com\/de\/157110\/"},"modified":"2025-06-01T16:28:09","modified_gmt":"2025-06-01T16:28:09","slug":"das-sagt-f95-nach-wechsel-von-johannesson-zum-1-fc-koeln","status":"publish","type":"post","link":"https:\/\/www.europesays.com\/de\/157110\/","title":{"rendered":"Das sagt F95 nach Wechsel von Johannesson zum 1. FC K\u00f6ln"},"content":{"rendered":"<p class=\"text_ohne_einzug richtext text-em-55 !leading-serif mx-6 desktop:mx-0\">Die Fortuna-Fans besch\u00e4ftigte am Wochenende ein Thema ganz besonders: Isak Johannesson. Der Isl\u00e4nder ist ausgerechnet mit dem rheinischen Rivalen <a href=\"https:\/\/rp-online.de\/thema\/1-fc-koeln\/\" rel=\"nofollow noopener\" target=\"_blank\">1. FC K\u00f6ln<\/a> in Verbindung gebracht worden. Am Samstag hatte sich der Mittelfeldspieler bereits auf den Weg in die Domstadt gemacht, weshalb sein Wechsel immer konkreter wurde. Seit Sonntagnachmittag ist der Abschied des 22-J\u00e4hrigen aus <a href=\"https:\/\/rp-online.de\/thema\/duesseldorf\/\" rel=\"nofollow noopener\" target=\"_blank\">D\u00fcsseldorf<\/a> nun offiziell.<\/p>\n<p class=\"richtext text-em-55 !leading-serif mx-6 desktop:mx-0\">Die K\u00f6lner aktivierten fristgerecht die Ausstiegsklausel f\u00fcr Johannesson, die am Samstag um 23.59 Uhr auslief, und lotsen ihn dank dieser f\u00fcr eine Abl\u00f6sesumme in H\u00f6he von 5,5 Millionen zu sich. \u201eWir h\u00e4tten uns sehr gew\u00fcnscht, mit Isak in die n\u00e4chste Saison zu gehen, allerdings war die Entwicklung absehbar\u201c, sagt Fortuna-Sportvorstand <a href=\"https:\/\/rp-online.de\/thema\/klaus-allofs\/\" rel=\"nofollow noopener\" target=\"_blank\">Klaus Allofs<\/a> \u00fcber Johannesson, der erst im vergangenen Sommer vom <a href=\"https:\/\/rp-online.de\/thema\/fc-kopenhagen\/\" rel=\"nofollow noopener\" target=\"_blank\">FC Kopenhagen<\/a> nach dem Leihgesch\u00e4ft fest verpflichtet worden war.<\/p>\n<p class=\"richtext text-em-55 !leading-serif mx-6 desktop:mx-0\">Weiter erkl\u00e4rt der 68-J\u00e4hrige: \u201eNach seiner Leihe konnten wir einen so talentierten Spieler nur \u00fcber die Gew\u00e4hrung einer Ausstiegsklausel weiter an die Fortuna binden.\u201c Urspr\u00fcnglich bis zum 30. Juni 2029, doch die gezogene Ausstiegsklausel beendet Johannessons Engagement bei den Flingernern vorzeitig. In D\u00fcsseldorf entwickelte sich Johanesson zum absoluten Leistungstr\u00e4ger und war nahezu unverzichtbar, er absolvierte 32 von 34 m\u00f6glichen Zweitliga-Spielen und machte letztlich mit 17 Scorerpunkten (elf Tore, sechs Vorlagen) auf sich aufmerksam.<\/p>\n<p class=\"richtext text-em-55 !leading-serif mx-6 desktop:mx-0\">\u201eAufgrund seiner insbesondere in dieser Saison starken Entwicklung war uns klar, dass er Erstligisten auf den Plan rufen w\u00fcrde. Isak hat diesem Werben nun nachgegeben\u201c, sagt Allofs und erg\u00e4nzt: \u201eWir bedanken uns bei einem gro\u00dfartigen Sportler. Isak hat sportlich wie menschlich in unserem Team eine wichtige Rolle gespielt.\u201c \u00c4hnlich sieht es Christian Weber, der Sportdirektor der Fortuna, bei der Johannessons Abgang im Mittelfeld eine gro\u00dfe L\u00fccke hinterl\u00e4sst. \u201eEinen Spieler wie Isak zu verlieren, ist sehr schmerzlich f\u00fcr uns als Verein. Gleichzeitig zeigt sein Weg aber auch, welch gute B\u00fchne wir als Fortuna den Spielern geben, um sich bei uns positiv zu entwickeln und die n\u00e4chsten Schritte zu gehen\u201c, betont Weber.<\/p>\n<p class=\"richtext text-em-55 !leading-serif mx-6 desktop:mx-0\">Gleichzeitig hebt er heraus: \u201eWir konnten von Isaks individueller Qualit\u00e4t profitieren und durch die vereinbarte Klausel auch noch einen erheblichen Transfererl\u00f6s erzielen. Wir sind sicher, Isaks sportliche Entwicklung ist noch nicht zu Ende und w\u00fcnschen ihm daf\u00fcr alles Gute.\u201c Bei den K\u00f6lnern geht der Mittelfeldakteur nun den n\u00e4chsten logischen Karriereschritt und erf\u00fcllt sich zudem seinen Traum von der <a href=\"https:\/\/rp-online.de\/thema\/bundesliga\/\" rel=\"nofollow noopener\" target=\"_blank\">Bundesliga<\/a>. Mit dem Sprung ins Oberhaus sollte es urspr\u00fcnglich mit Fortuna klappen, doch die D\u00fcsseldorfer schlossen die abgelaufene Serie nur als Tabellensechster ab, K\u00f6ln hatte dagegen als Zweitliga-Meister vor Verfolger Hamburger SV den direkten Aufstieg geschafft.<\/p>\n<p class=\"richtext text-em-55 !leading-serif mx-6 desktop:mx-0\">\u201eIch bin sehr gl\u00fccklich, bei einem Klub wie dem 1. FC K\u00f6ln zu unterschreiben und in der n\u00e4chsten Saison in der Bundesliga spielen zu k\u00f6nnen. Ich freue mich schon auf die gro\u00dfartige Stimmung im Rhein-Energie-Stadion bei unseren Heimspielen und darauf, der Mannschaft mit meinen Qualit\u00e4ten zu helfen\u201c, sagt Johannesson, der beim \u201eEffzeh\u201c einen Vertrag bis zum 30. Juni 2030 unterschrieb. \u201eIch bin sehr dankbar f\u00fcr das Vertrauen des Klubs und kann es kaum erwarten, dass es endlich losgeht.\u201c<\/p>\n<p class=\"richtext text-em-55 !leading-serif mx-6 desktop:mx-0\">Damit sicherten sich die K\u00f6lner die Dienste des laufst\u00e4rksten Profis der Liga, Johannesson spulte mit 386,1 Kilometern die gr\u00f6\u00dfte Distanz ab. Doch nicht nur dieser Aspekt \u00fcberzeugte Fortunas Rivalen. \u201eIsak hat in den vergangenen Jahren eine sehr positive Entwicklung genommen und ist bereit f\u00fcr den Schritt in die Bundesliga. Er ist lauf- und spielstark, variabel im zentralen Mittelfeld einsetzbar und bringt die fu\u00dfballerische Qualit\u00e4t mit, die wir f\u00fcr unseren Kader gesucht haben. Wir freuen uns sehr, dass er sich f\u00fcr den FC entschieden hat\u201c, sagt K\u00f6lns Sportdirektor Thomas Kessler.<\/p>\n","protected":false},"excerpt":{"rendered":"Die Fortuna-Fans besch\u00e4ftigte am Wochenende ein Thema ganz besonders: Isak Johannesson. Der Isl\u00e4nder ist ausgerechnet mit dem rheinischen&hellip;\n","protected":false},"author":2,"featured_media":157111,"comment_status":"","ping_status":"","sticky":false,"template":"","format":"standard","meta":{"footnotes":""},"categories":[1831],"tags":[3364,29,3405,6223,30,55169,1209,16853,9387],"class_list":{"0":"post-157110","1":"post","2":"type-post","3":"status-publish","4":"format-standard","5":"has-post-thumbnail","7":"category-duesseldorf","8":"tag-de","9":"tag-deutschland","10":"tag-duesseldorf","11":"tag-fortuna","12":"tag-germany","13":"tag-isak","14":"tag-nordrhein-westfalen","15":"tag-qualitaet","16":"tag-saison"},"share_on_mastodon":{"url":"https:\/\/pubeurope.com\/@de\/114609055770345244","error":""},"_links":{"self":[{"href":"https:\/\/www.europesays.com\/de\/wp-json\/wp\/v2\/posts\/157110","targetHints":{"allow":["GET"]}}],"collection":[{"href":"https:\/\/www.europesays.com\/de\/wp-json\/wp\/v2\/posts"}],"about":[{"href":"https:\/\/www.europesays.com\/de\/wp-json\/wp\/v2\/types\/post"}],"author":[{"embeddable":true,"href":"https:\/\/www.europesays.com\/de\/wp-json\/wp\/v2\/users\/2"}],"replies":[{"embeddable":true,"href":"https:\/\/www.europesays.com\/de\/wp-json\/wp\/v2\/comments?post=157110"}],"version-history":[{"count":0,"href":"https:\/\/www.europesays.com\/de\/wp-json\/wp\/v2\/posts\/157110\/revisions"}],"wp:featuredmedia":[{"embeddable":true,"href":"https:\/\/www.europesays.com\/de\/wp-json\/wp\/v2\/media\/157111"}],"wp:attachment":[{"href":"https:\/\/www.europesays.com\/de\/wp-json\/wp\/v2\/media?parent=157110"}],"wp:term":[{"taxonomy":"category","embeddable":true,"href":"https:\/\/www.europesays.com\/de\/wp-json\/wp\/v2\/categories?post=157110"},{"taxonomy":"post_tag","embeddable":true,"href":"https:\/\/www.europesays.com\/de\/wp-json\/wp\/v2\/tags?post=157110"}],"curies":[{"name":"wp","href":"https:\/\/api.w.org\/{rel}","templated":true}]}}