{"id":157132,"date":"2025-06-01T16:39:09","date_gmt":"2025-06-01T16:39:09","guid":{"rendered":"https:\/\/www.europesays.com\/de\/157132\/"},"modified":"2025-06-01T16:39:09","modified_gmt":"2025-06-01T16:39:09","slug":"berlin-brandenburg-hasso-plattner-will-aus-marodem-areal-uni-campus-machen","status":"publish","type":"post","link":"https:\/\/www.europesays.com\/de\/157132\/","title":{"rendered":"Berlin &#038; Brandenburg: Hasso Plattner will aus marodem Areal Uni-Campus machen"},"content":{"rendered":"<p>                    Berlin &amp; Brandenburg<br \/>\n                Hasso Plattner will aus marodem Areal Uni-Campus machen<\/p>\n<p>\t\t\t\t              01.06.2025, 17:58 Uhr<\/p>\n<p><strong>Erst Brandruine, k\u00fcnftig Uni-Campus? Der Software-Milliard\u00e4r und M\u00e4zen Hasso Plattner plant auf dem Gel\u00e4nde des ehemaligen Landtags in Potsdam ein neues Wissenschaftsprojekt.<\/strong><\/p>\n<p>Potsdam (dpa\/bb) &#8211; Der Software-Milliard\u00e4r und M\u00e4zen Hasso Plattner will das Gel\u00e4nde mit dem ehemaligen Landtagsgeb\u00e4ude auf dem Brauhausberg in Potsdam zu einem Universit\u00e4ts-Campus umbauen. Das geht aus Informationen der Deutschen Presse-Agentur hervor. Zuerst berichteten &#8222;Bild&#8220; und Berliner &#8222;B.Z.&#8220; am Nachmittag dar\u00fcber. Details sollen am Montag vorgestellt werden.\u00a0<\/p>\n<p>Der 81-J\u00e4hrige, einst Mitbegr\u00fcnder des Software-Konzerns SAP, ist seit langem als M\u00e4zen f\u00fcr Wissenschaft und Kunst bekannt. Der alte Landtag und das inzwischen verfallene Gel\u00e4nde in herausgehobener Lage geh\u00f6ren zur Geschichte Potsdams und Brandenburgs.<\/p>\n<p>Wissenschaftsprojekt wird am Montag vorgestellt<\/p>\n<p>Das neue Projekt auf dem Areal wird am Montag an der Universit\u00e4t Potsdam gemeinsam mit der Hasso Plattner Stiftung vorgestellt. Das teilte die Staatskanzlei kurzfristig mit.\u00a0<\/p>\n<p>Auch Brandenburgs Ministerpr\u00e4sident Dietmar Woidke (SPD) will sich dabei zur &#8222;St\u00e4rkung der Brandenburger Wissenschaftslandschaft&#8220; \u00e4u\u00dfern, wie es hie\u00df, ohne bislang n\u00e4here Details zu nennen. &#8222;Bild&#8220; und &#8222;B.Z.&#8220; berichteten, Plattner wolle den verfallenen fr\u00fcheren Landtag auf dem Brauhausberg \u00fcber der Stadtmitte sanieren und mit Neubauten zum vierten Campus der Universit\u00e4t Potsdam machen.<\/p>\n<p>Plattner, der in Potsdam lebt, etablierte in der brandenburgischen Landeshauptstadt bereits das Hasso-Plattner-Institut als IT-Forschungseinrichtung. 2017 er\u00f6ffnete er das Kunstmuseum Barberini mit einer gro\u00dfen Sammlung impressionistischer Werke, 2022 folgte das Kunsthaus Minsk.<\/p>\n<p>Gel\u00e4nde in herausgehobener Lage inzwischen verfallen<\/p>\n<p>Auf dem Brauhausberg tagte bis 2013 der brandenburgische Landtag. In der DDR beherbergte das weithin sichtbare Geb\u00e4ude die SED-Bezirks- und Kreisleitung. Es bekam daher den Spitznamen &#8222;Kreml&#8220;. Seit vielen Jahren steht es leer. Vor Jahren hie\u00df es, es soll f\u00fcr Wohnungen und Gewerbe umgebaut werden.\u00a0<\/p>\n<p>Im August 2023 war in dem denkmalgesch\u00fctzten Geb\u00e4ude ein gro\u00dfes Feuer ausgebrochen. Dabei\u00a0st\u00fcrzte der Dachstuhl ein. Immer wieder kam es auch zu Besch\u00e4digungen auf dem Gel\u00e4nde wegen Vandalismus.<\/p>\n","protected":false},"excerpt":{"rendered":"Berlin &amp; Brandenburg Hasso Plattner will aus marodem Areal Uni-Campus machen 01.06.2025, 17:58 Uhr Erst Brandruine, k\u00fcnftig Uni-Campus?&hellip;\n","protected":false},"author":2,"featured_media":157133,"comment_status":"","ping_status":"","sticky":false,"template":"","format":"standard","meta":{"footnotes":""},"categories":[1816],"tags":[1960,1958,1959,1957,38138,296,1956,1890,29,30,55171,55172,55173],"class_list":{"0":"post-157132","1":"post","2":"type-post","3":"status-publish","4":"format-standard","5":"has-post-thumbnail","7":"category-brandenburg","8":"tag-aktuelle-nachrichten-aus-berlin-und-brandenburg","9":"tag-aktuelle-nachrichten-aus-brandenburg","10":"tag-aktuelle-news-aus-berlin-und-brandenburg","11":"tag-aktuelle-news-aus-brandenburg","12":"tag-areal","13":"tag-berlin","14":"tag-berlin-und-brandenburg","15":"tag-brandenburg","16":"tag-deutschland","17":"tag-germany","18":"tag-hasso","19":"tag-plattner","20":"tag-uni-campus"},"share_on_mastodon":{"url":"https:\/\/pubeurope.com\/@de\/114609099063834980","error":""},"_links":{"self":[{"href":"https:\/\/www.europesays.com\/de\/wp-json\/wp\/v2\/posts\/157132","targetHints":{"allow":["GET"]}}],"collection":[{"href":"https:\/\/www.europesays.com\/de\/wp-json\/wp\/v2\/posts"}],"about":[{"href":"https:\/\/www.europesays.com\/de\/wp-json\/wp\/v2\/types\/post"}],"author":[{"embeddable":true,"href":"https:\/\/www.europesays.com\/de\/wp-json\/wp\/v2\/users\/2"}],"replies":[{"embeddable":true,"href":"https:\/\/www.europesays.com\/de\/wp-json\/wp\/v2\/comments?post=157132"}],"version-history":[{"count":0,"href":"https:\/\/www.europesays.com\/de\/wp-json\/wp\/v2\/posts\/157132\/revisions"}],"wp:featuredmedia":[{"embeddable":true,"href":"https:\/\/www.europesays.com\/de\/wp-json\/wp\/v2\/media\/157133"}],"wp:attachment":[{"href":"https:\/\/www.europesays.com\/de\/wp-json\/wp\/v2\/media?parent=157132"}],"wp:term":[{"taxonomy":"category","embeddable":true,"href":"https:\/\/www.europesays.com\/de\/wp-json\/wp\/v2\/categories?post=157132"},{"taxonomy":"post_tag","embeddable":true,"href":"https:\/\/www.europesays.com\/de\/wp-json\/wp\/v2\/tags?post=157132"}],"curies":[{"name":"wp","href":"https:\/\/api.w.org\/{rel}","templated":true}]}}