{"id":157318,"date":"2025-06-01T18:22:10","date_gmt":"2025-06-01T18:22:10","guid":{"rendered":"https:\/\/www.europesays.com\/de\/157318\/"},"modified":"2025-06-01T18:22:10","modified_gmt":"2025-06-01T18:22:10","slug":"werden-die-verfahren-nun-wieder-eingestellt","status":"publish","type":"post","link":"https:\/\/www.europesays.com\/de\/157318\/","title":{"rendered":"Werden die Verfahren nun wieder eingestellt?"},"content":{"rendered":"<p class=\"bold\">\n\t\t\t\t\t\t\t\t\t\tIm Verfahren gegen vier junge Neonazis wurde inzwischen ein Gro\u00dfteil der Opfer geh\u00f6rt. Ob die Beweislage zur Verurteilung aller vier ausreicht, ist fraglich. Den Opfern droht eine weitere Ern\u00fcchterung.\t\t\t\t<\/p>\n<p>\t\t\t\t Dass die vier jungen M\u00e4nner aus Braunschweig, Pirna, Freital und Dresden am 1. September 2018 in Chemnitz waren, ist unstrittig. Auch, dass sie mindestens zeitweise Teil einer Gruppe waren, die nach einem von Rechten organisierten \u201eTrauermarsch\u201c in der Innenstadt mehrfach Teilnehmer einer Gegendemonstration angriffen, muss nicht angezweifelt&#8230;<\/p>\n<p>\t\t<img decoding=\"async\" class=\"fp-plus-logo\" src=\"https:\/\/www.europesays.com\/de\/wp-content\/uploads\/2025\/04\/fpplus.svg.svg+xml\" alt=\"Freie Presse plus Logo\"\/><\/p>\n<p>Registrieren und testen.<\/p>\n<p>Jetzt mit Ihrer Registrierung 1 Monat gratis testen und alle Beitr\u00e4ge lesen.<\/p>\n<p>Schon Abonnent? Melden Sie sich mit ihren Zugangsdaten an.<\/p>\n","protected":false},"excerpt":{"rendered":"Im Verfahren gegen vier junge Neonazis wurde inzwischen ein Gro\u00dfteil der Opfer geh\u00f6rt. Ob die Beweislage zur Verurteilung&hellip;\n","protected":false},"author":2,"featured_media":157319,"comment_status":"","ping_status":"","sticky":false,"template":"","format":"standard","meta":{"footnotes":""},"categories":[1851],"tags":[2770,3364,29,548,663,3934,18853,30,13,14,15,859,12],"class_list":{"0":"post-157318","1":"post","2":"type-post","3":"status-publish","4":"format-standard","5":"has-post-thumbnail","7":"category-chemnitz","8":"tag-chemnitz","9":"tag-de","10":"tag-deutschland","11":"tag-eu","12":"tag-europa","13":"tag-europe","14":"tag-gericht-rechtsstreit","15":"tag-germany","16":"tag-headlines","17":"tag-nachrichten","18":"tag-news","19":"tag-sachsen","20":"tag-schlagzeilen"},"share_on_mastodon":{"url":"https:\/\/pubeurope.com\/@de\/114609504100587108","error":""},"_links":{"self":[{"href":"https:\/\/www.europesays.com\/de\/wp-json\/wp\/v2\/posts\/157318","targetHints":{"allow":["GET"]}}],"collection":[{"href":"https:\/\/www.europesays.com\/de\/wp-json\/wp\/v2\/posts"}],"about":[{"href":"https:\/\/www.europesays.com\/de\/wp-json\/wp\/v2\/types\/post"}],"author":[{"embeddable":true,"href":"https:\/\/www.europesays.com\/de\/wp-json\/wp\/v2\/users\/2"}],"replies":[{"embeddable":true,"href":"https:\/\/www.europesays.com\/de\/wp-json\/wp\/v2\/comments?post=157318"}],"version-history":[{"count":0,"href":"https:\/\/www.europesays.com\/de\/wp-json\/wp\/v2\/posts\/157318\/revisions"}],"wp:featuredmedia":[{"embeddable":true,"href":"https:\/\/www.europesays.com\/de\/wp-json\/wp\/v2\/media\/157319"}],"wp:attachment":[{"href":"https:\/\/www.europesays.com\/de\/wp-json\/wp\/v2\/media?parent=157318"}],"wp:term":[{"taxonomy":"category","embeddable":true,"href":"https:\/\/www.europesays.com\/de\/wp-json\/wp\/v2\/categories?post=157318"},{"taxonomy":"post_tag","embeddable":true,"href":"https:\/\/www.europesays.com\/de\/wp-json\/wp\/v2\/tags?post=157318"}],"curies":[{"name":"wp","href":"https:\/\/api.w.org\/{rel}","templated":true}]}}