{"id":157423,"date":"2025-06-01T19:20:19","date_gmt":"2025-06-01T19:20:19","guid":{"rendered":"https:\/\/www.europesays.com\/de\/157423\/"},"modified":"2025-06-01T19:20:19","modified_gmt":"2025-06-01T19:20:19","slug":"brandenburg-hasso-plattner-will-aus-marodem-areal-auf-dem-brauhausberg-uni-campus-machen","status":"publish","type":"post","link":"https:\/\/www.europesays.com\/de\/157423\/","title":{"rendered":"Brandenburg: Hasso Plattner will aus marodem Areal auf dem Brauhausberg Uni-Campus machen"},"content":{"rendered":"<p class=\"metatextline\">Stand: 01.06.2025 19:42 Uhr<\/p>\n<p class=\"textabsatz columns twelve  m-ten  m-offset-one l-eight l-offset-two\">\n        <strong>Aus einer Brandruine in Potsdam k\u00f6nnte k\u00fcnftig ein Uni-Campus werden. Der Software-Milliard\u00e4r und M\u00e4zen Hasso Plattner plant auf dem Gel\u00e4nde des ehemaligen Landtags ein neues Wissenschaftsprojekt. Am Montag sollen Details vorgestellt werden.<\/strong>\n    <\/p>\n<p class=\"textabsatz m-ten m-offset-one l-eight l-offset-two columns twelve\">\nDer Software-Milliard\u00e4r und M\u00e4zen Hasso Plattner will das Gel\u00e4nde mit dem ehemaligen Landtagsgeb\u00e4ude auf dem Brauhausberg in Potsdam zu einem Universit\u00e4ts-Campus umbauen. Das geht aus Informationen der Deutschen Presse-Agentur hervor. Zuerst berichteten &#8222;Bild&#8220; und Berliner &#8222;<a href=\"https:\/\/www.bz-berlin.de\/brandenburg\/hasso-plattner-geld-potsdam-uni\" title=\"B.Z.&quot;\" class=\"textlink--extern js-link-dialog\" rel=\"noopener noreferrer nofollow\" target=\"_blank\" data-type=\"external\">B.Z.&#8220;<\/a> am Sonntag dar\u00fcber. Details sollen am Montag vorgestellt werden.<br \/>\u00a0<br \/>Der 81-J\u00e4hrige, einst Mitbegr\u00fcnder des Software-Konzerns SAP, ist seit langem als M\u00e4zen f\u00fcr Wissenschaft und Kunst bekannt. Der alte Landtag und das inzwischen verfallene Gel\u00e4nde in herausgehobener Lage geh\u00f6ren zur Geschichte Potsdams und Brandenburgs.<\/p>\n<p>            <img loading=\"lazy\" decoding=\"async\" class=\"ts-image\" src=\"https:\/\/www.europesays.com\/de\/wp-content\/uploads\/2025\/06\/rbb-audio-radioeins-09-05-2025-michael-mellinger-100.jpg\" alt=\"Archivbild:Der alte Landtag in Potsdam am 13.08.2024.(Quelle:picture alliance\/Schoening)\" title=\"Audio: Radioeins | 09.05.2025 | Michael Mellinger | picture alliance\/Schoening\"\/><\/p>\n<p>KW-Development best\u00e4tigt Kauf des fr\u00fcheren Landtagsgeb\u00e4udes in Potsdam <\/p>\n<p>            <a href=\"https:\/\/www.rbb24.de\/panorama\/beitrag\/2025\/05\/brandenburg-potsdam-alter-landtag-verkauft-kreml-kw-devolopment.html\" title=\"mehr\" class=\"textlink--extern\" target=\"_blank\" rel=\"noopener nofollow\">mehr<\/a><\/p>\n<p>    Wissenschaftsprojekt wird am Montag vorgestellt<\/p>\n<p class=\"textabsatz m-ten m-offset-one l-eight l-offset-two columns twelve\">\nDas neue Projekt auf dem Areal wird am Montag an der Universit\u00e4t Potsdam gemeinsam mit der Hasso Plattner Stiftung vorgestellt. Das teilte die Staatskanzlei kurzfristig mit.<br \/>\u00a0<br \/>Auch Brandenburgs Ministerpr\u00e4sident Dietmar Woidke (SPD) will sich dabei zur &#8222;St\u00e4rkung der Brandenburger Wissenschaftslandschaft&#8220; \u00e4u\u00dfern, wie es hie\u00df. &#8222;Bild&#8220; und &#8222;B.Z.&#8220; berichteten, Plattner wolle den verfallenen fr\u00fcheren Landtag auf dem Brauhausberg \u00fcber der Stadtmitte sanieren und mit Neubauten zum vierten Campus der Universit\u00e4t Potsdam machen.<br \/>\u00a0<br \/>Plattner, der in Potsdam lebt, etablierte in der brandenburgischen Landeshauptstadt bereits das Hasso-Plattner-Institut als IT-Forschungseinrichtung. 2017 er\u00f6ffnete er das Kunstmuseum Barberini mit einer gro\u00dfen Sammlung impressionistischer Werke, 2022 folgte das Kunsthaus Minsk.<\/p>\n<p>            <img loading=\"lazy\" decoding=\"async\" class=\"ts-image\" src=\"https:\/\/www.europesays.com\/de\/wp-content\/uploads\/2025\/06\/rbb-brauhausberg-brand-100.jpg\" alt=\"06.08.2023, Brandenburg, Potsdam: Verkohlte Holzbalken sind am Seitenfl\u00fcgel zu sehen. Im ehemaligen Landtagsgeb\u00e4ude am Brauhausberg in Potsdam brannte der Dachstuhl. (Quelle: dpa\/Georg Moritz)\" title=\"Video: rbb|24 | 08.08.2023 | Material: rbb24 Brandenburg aktuell | dpa\/Georg Moritz\"\/><\/p>\n<p>Ermittlungen zu Brand auf Potsdamer Brauhausberg k\u00f6nnen Wochen dauern<\/p>\n<p>            Drei Tage nach dem Feuer im ehemaligen Potsdamer Landtags haben Brandermittler ihre Arbeit aufgenommen. Die Polizei sucht Zeugen. Das Finanzministerium forderte vom Eigent\u00fcmer eine klare Aussage \u00fcber seine Zukunftspl\u00e4ne.<a href=\"https:\/\/www.rbb24.de\/panorama\/beitrag\/2023\/08\/potsdam-brauhausberg-feuer-alter-landtag-brandstiftung.html\" title=\"mehr\" class=\"textlink--extern\" target=\"_blank\" rel=\"noopener nofollow\">mehr<\/a><\/p>\n<p>    Gel\u00e4nde in herausgehobener Lage inzwischen verfallen<\/p>\n<p class=\"textabsatz m-ten m-offset-one l-eight l-offset-two columns twelve\">\nAuf dem Brauhausberg tagte bis 2013 der Brandenburger Landtag. In der DDR beherbergte das weithin sichtbare Geb\u00e4ude die SED-Bezirks- und Kreisleitung. Der Bau wurde daher &#8211; auch wegen seiner Fassade aus rotem Backstein &#8211; von manchen als &#8222;Kreml&#8220; oder &#8222;Potsdamder Kreml&#8220; bezeichnet. Seit vielen Jahren steht das Geb\u00e4ude leer. Planungen und Ank\u00fcndigungen f\u00fcr eine neue Nutzung gab es bereits mehrere, zuletzt war eine Wohn-Nutzung im Gespr\u00e4ch.<br \/>\u00a0<br \/>Im August 2023 war in dem denkmalgesch\u00fctzten Geb\u00e4ude <a href=\"https:\/\/www.rbb24.de\/panorama\/beitrag\/2023\/08\/potsdam-brauhausberg-feuer-alter-landtag-brandstiftung.html\" title=\"ein gro\u00dfes Feuer ausgebrochen\" class=\"textlink--extern\" target=\"_blank\" rel=\"noopener nofollow\">ein gro\u00dfes Feuer ausgebrochen<\/a>. Dabei st\u00fcrzte der Dachstuhl ein. Immer wieder kam es auch zu Besch\u00e4digungen auf dem Gel\u00e4nde wegen Vandalismus.<\/p>\n<p class=\"textabsatz m-ten m-offset-one l-eight l-offset-two columns twelve\">\nSendung: Brandenburg Aktuell, 01.06.2025, 19.30 Uhr<\/p>\n<p>                                        <a class=\"backlink__link\" href=\"https:\/\/www.rbb24.de\/politik\/beitrag\/2025\/06\/potsdam-hasso-plattner-universitaet-ehemaliger-landtag-brauhausberg.html\" rel=\"nofollow noopener\" target=\"_blank\"><\/p>\n<p>                                                <img decoding=\"async\" src=\"https:\/\/www.europesays.com\/de\/wp-content\/uploads\/2025\/04\/1745108282_195_lra-rbb-logo-100.svg.svg+xml\" alt=\"Rundfunk Berlin-Brandenburg\"\/><\/p>\n<p>                                        <\/a><\/p>\n","protected":false},"excerpt":{"rendered":"Stand: 01.06.2025 19:42 Uhr Aus einer Brandruine in Potsdam k\u00f6nnte k\u00fcnftig ein Uni-Campus werden. Der Software-Milliard\u00e4r und M\u00e4zen&hellip;\n","protected":false},"author":2,"featured_media":157424,"comment_status":"","ping_status":"","sticky":false,"template":"","format":"standard","meta":{"footnotes":""},"categories":[1816],"tags":[1960,1958,1959,1957,1956,1890,29,30,2239],"class_list":{"0":"post-157423","1":"post","2":"type-post","3":"status-publish","4":"format-standard","5":"has-post-thumbnail","7":"category-brandenburg","8":"tag-aktuelle-nachrichten-aus-berlin-und-brandenburg","9":"tag-aktuelle-nachrichten-aus-brandenburg","10":"tag-aktuelle-news-aus-berlin-und-brandenburg","11":"tag-aktuelle-news-aus-brandenburg","12":"tag-berlin-und-brandenburg","13":"tag-brandenburg","14":"tag-deutschland","15":"tag-germany","16":"tag-rbb"},"share_on_mastodon":{"url":"https:\/\/pubeurope.com\/@de\/114609732181063552","error":""},"_links":{"self":[{"href":"https:\/\/www.europesays.com\/de\/wp-json\/wp\/v2\/posts\/157423","targetHints":{"allow":["GET"]}}],"collection":[{"href":"https:\/\/www.europesays.com\/de\/wp-json\/wp\/v2\/posts"}],"about":[{"href":"https:\/\/www.europesays.com\/de\/wp-json\/wp\/v2\/types\/post"}],"author":[{"embeddable":true,"href":"https:\/\/www.europesays.com\/de\/wp-json\/wp\/v2\/users\/2"}],"replies":[{"embeddable":true,"href":"https:\/\/www.europesays.com\/de\/wp-json\/wp\/v2\/comments?post=157423"}],"version-history":[{"count":0,"href":"https:\/\/www.europesays.com\/de\/wp-json\/wp\/v2\/posts\/157423\/revisions"}],"wp:featuredmedia":[{"embeddable":true,"href":"https:\/\/www.europesays.com\/de\/wp-json\/wp\/v2\/media\/157424"}],"wp:attachment":[{"href":"https:\/\/www.europesays.com\/de\/wp-json\/wp\/v2\/media?parent=157423"}],"wp:term":[{"taxonomy":"category","embeddable":true,"href":"https:\/\/www.europesays.com\/de\/wp-json\/wp\/v2\/categories?post=157423"},{"taxonomy":"post_tag","embeddable":true,"href":"https:\/\/www.europesays.com\/de\/wp-json\/wp\/v2\/tags?post=157423"}],"curies":[{"name":"wp","href":"https:\/\/api.w.org\/{rel}","templated":true}]}}