{"id":157425,"date":"2025-06-01T19:21:09","date_gmt":"2025-06-01T19:21:09","guid":{"rendered":"https:\/\/www.europesays.com\/de\/157425\/"},"modified":"2025-06-01T19:21:09","modified_gmt":"2025-06-01T19:21:09","slug":"rechtsextremismus-gegenproteste-gegen-erneuten-rechten-aufmarsch-in-berlin-2","status":"publish","type":"post","link":"https:\/\/www.europesays.com\/de\/157425\/","title":{"rendered":"Rechtsextremismus: Gegenproteste gegen erneuten rechten Aufmarsch in Berlin"},"content":{"rendered":"<p class=\"paragraph article__item\">Mehrere hundert Menschen haben sich in der N\u00e4he des Rosa-Luxemburg-Platzes versammelt, um gegen einen Aufmarsch von Rechtsextremen in Berlin-Mitte zu demonstrieren. Laut <a class=\"rtr-entity\" href=\"https:\/\/www.zeit.de\/thema\/polizei\" rel=\"nofollow noopener\" target=\"_blank\">Polizei<\/a> waren es am Nachmittag rund 400 Teilnehmerinnen und Teilnehmer. Angemeldet worden war der Protest von der Partei Die Linke.\n<\/p>\n<p>Aktuelles<\/p>\n<p>                <a href=\"https:\/\/www.zeit.de\/2025\/20\/gewalt-fussballfans-schalke-04-hertha-bsc-polizei\" data-ct-label=\"Gewalt unter Fu\u00dfballfans: Ein Mann verpr\u00fcgelt eine junge Frau. Das soll mein Fu\u00dfball sein?\" rel=\"nofollow noopener\" target=\"_blank\"><\/p>\n<p>        Z+ (abopflichtiger Inhalt);<\/p>\n<p>    Gewalt unter Fu\u00dfballfans:<br \/>\n                        Ein Mann verpr\u00fcgelt eine junge Frau. Das soll mein Fu\u00dfball sein?<\/p>\n<p>                <\/a><\/p>\n<p>                <a href=\"https:\/\/www.zeit.de\/politik\/ausland\/2025-05\/stichwahl-polen-praesidentschaft-eu-faq\" data-ct-label=\"Stichwahl des Pr\u00e4sidenten in Polen: Eine Wahl von europ\u00e4ischer Tragweite\" rel=\"nofollow noopener\" target=\"_blank\"><\/p>\n<p>                        Stichwahl des Pr\u00e4sidenten in Polen:<br \/>\n                        Eine Wahl von europ\u00e4ischer Tragweite<\/p>\n<p>                <\/a><\/p>\n<p>                <a href=\"https:\/\/www.zeit.de\/politik\/deutschland\/2025-05\/christian-lindner-parteichef-fdp-abschied-liberalismus\" data-ct-label=\"Christian Lindner: Der Erleuchtung ganz nah\" rel=\"nofollow noopener\" target=\"_blank\"><\/p>\n<p>        Z+ (abopflichtiger Inhalt);<\/p>\n<p>    Christian Lindner:<br \/>\n                        Der Erleuchtung ganz nah<\/p>\n<p>                <\/a><\/p>\n<p class=\"paragraph article__item\">Der Aufmarsch der Rechten startete am fr\u00fchen Nachmittag laut Polizei mit rund 65 Teilnehmerinnen und Teilnehmern. Ihre Route war ausgehend vom U-Bahnhof Schillingstra\u00dfe in der N\u00e4he des Alexanderplatzes bis zum Nordbahnhof geplant. Allerdings endete der Aufzug bereits am Alex.\n<\/p>\n<p>                Immer wieder Blockadeversuche        <\/p>\n<p class=\"paragraph article__item\">Immer wieder versuchten kleinere Gruppen, den Aufmarsch zu blockieren, die Polizei verhinderte das. Es kam zu Festnahmen aufseiten der Gegendemonstranten. Schwerere Zwischenf\u00e4lle wurden zun\u00e4chst nicht bekannt. Eine Bilanz wollte die Polizei am Montag ver\u00f6ffentlichen. Rund 450 Kr\u00e4fte waren den Angaben zufolge im Einsatz.\n<\/p>\n<p class=\"paragraph article__item\">Weitere Gegenproteste waren in Lichterfelde und am Abend am Berliner Ostkreuz geplant. Die Gegendemo in Mitte sollte durch das Scheunenviertel \u00fcber die Torstra\u00dfe bis zur Invalidenstra\u00dfe verlaufen.\u00a0\n<\/p>\n<p class=\"paragraph article__item\">In den vergangenen Monaten gab es in <a class=\"rtr-entity\" href=\"https:\/\/www.zeit.de\/thema\/berlin\" rel=\"nofollow noopener\" target=\"_blank\">Berlin<\/a> mehrere Aufm\u00e4rsche von Neonazis. Immer wieder kam es dabei auch zu Auseinandersetzungen zwischen der Polizei und Gegendemonstranten, die versuchten, die Aufm\u00e4rsche zu blockieren.\n<\/p>\n<p class=\"paragraph article__item\">\u00a9 dpa-infocom, dpa:250601-930-616327\/3<\/p>\n","protected":false},"excerpt":{"rendered":"Mehrere hundert Menschen haben sich in der N\u00e4he des Rosa-Luxemburg-Platzes versammelt, um gegen einen Aufmarsch von Rechtsextremen in&hellip;\n","protected":false},"author":2,"featured_media":157426,"comment_status":"","ping_status":"","sticky":false,"template":"","format":"standard","meta":{"footnotes":""},"categories":[1825],"tags":[1941,1939,15689,296,2572,1937,29,28735,30,1940,15,1938,121,15688,770],"class_list":{"0":"post-157425","1":"post","2":"type-post","3":"status-publish","4":"format-standard","5":"has-post-thumbnail","7":"category-berlin","8":"tag-aktuelle-nachrichten-aus-berlin","9":"tag-aktuelle-news-aus-berlin","10":"tag-aufmarsch","11":"tag-berlin","12":"tag-berlin-mitte","13":"tag-berlin-news","14":"tag-deutschland","15":"tag-gegenprotest","16":"tag-germany","17":"tag-nachrichten-aus-berlin","18":"tag-news","19":"tag-news-aus-berlin","20":"tag-polizei","21":"tag-rechtsextrem","22":"tag-rechtsextremismus"},"share_on_mastodon":{"url":"https:\/\/pubeurope.com\/@de\/114609735881373038","error":""},"_links":{"self":[{"href":"https:\/\/www.europesays.com\/de\/wp-json\/wp\/v2\/posts\/157425","targetHints":{"allow":["GET"]}}],"collection":[{"href":"https:\/\/www.europesays.com\/de\/wp-json\/wp\/v2\/posts"}],"about":[{"href":"https:\/\/www.europesays.com\/de\/wp-json\/wp\/v2\/types\/post"}],"author":[{"embeddable":true,"href":"https:\/\/www.europesays.com\/de\/wp-json\/wp\/v2\/users\/2"}],"replies":[{"embeddable":true,"href":"https:\/\/www.europesays.com\/de\/wp-json\/wp\/v2\/comments?post=157425"}],"version-history":[{"count":0,"href":"https:\/\/www.europesays.com\/de\/wp-json\/wp\/v2\/posts\/157425\/revisions"}],"wp:featuredmedia":[{"embeddable":true,"href":"https:\/\/www.europesays.com\/de\/wp-json\/wp\/v2\/media\/157426"}],"wp:attachment":[{"href":"https:\/\/www.europesays.com\/de\/wp-json\/wp\/v2\/media?parent=157425"}],"wp:term":[{"taxonomy":"category","embeddable":true,"href":"https:\/\/www.europesays.com\/de\/wp-json\/wp\/v2\/categories?post=157425"},{"taxonomy":"post_tag","embeddable":true,"href":"https:\/\/www.europesays.com\/de\/wp-json\/wp\/v2\/tags?post=157425"}],"curies":[{"name":"wp","href":"https:\/\/api.w.org\/{rel}","templated":true}]}}