{"id":157427,"date":"2025-06-01T19:22:15","date_gmt":"2025-06-01T19:22:15","guid":{"rendered":"https:\/\/www.europesays.com\/de\/157427\/"},"modified":"2025-06-01T19:22:15","modified_gmt":"2025-06-01T19:22:15","slug":"20-jaehriger-ballert-mit-schreckschusswaffe-bis-sek-die-wohnung-stuermt","status":"publish","type":"post","link":"https:\/\/www.europesays.com\/de\/157427\/","title":{"rendered":"20-J\u00e4hriger ballert mit Schreckschusswaffe \u2013 bis SEK die Wohnung st\u00fcrmt"},"content":{"rendered":"<p class=\"tspBYlv tspBYlw\">Spezialeinsatzkr\u00e4fte der Berliner Polizei haben eine Wohnung in <a href=\"https:\/\/www.tagesspiegel.de\/berlin\/bezirke\/reinickendorf?icid=in-text-link_13786033\" class=\"link link--internal\" data-gtm-class=\"article-text-link\" data-gtm-val=\"internal\" rel=\"nofollow noopener\" target=\"_blank\">Berlin-Reinickendorf<\/a> gest\u00fcrmt, weil ein 20-J\u00e4hriger aus dieser mit einer Schreckschusswaffe geschossen hatte. Das teilte die Beh\u00f6rde mit. Der 20-J\u00e4hrige musste mit auf die Wache, ist inzwischen jedoch wieder auf freiem Fu\u00df.<\/p>\n<p>Bezirke-Newsletter: Reinickendorf<\/p>\n<p><img decoding=\"async\" src=\"https:\/\/www.europesays.com\/de\/wp-content\/uploads\/2025\/04\/icon-reinickendorf.png\" alt=\"\" class=\"tspCIlu\"\/><\/p>\n<p class=\"tspCInw\"> Mehr Neuigkeiten zum Bezirk gibt es in unserem Newsletter \u2014 jede Woche per E-Mail. <\/p>\n<p class=\"tspBYlv\">Die Polizei r\u00fcckte zu dem Mehrfamilienhaus im Eichhorster Weg\u00a0an, nachdem sie aufgrund der Sch\u00fcsse alarmiert worden war. Das SEK betrat die Wohnung, in der sich der 20-J\u00e4hrige befand.<\/p>\n<p class=\"tspBYlv\">Er gab zu, mit einer Schreckschusswaffe geschossen zu haben und eine weitere Schreckschuss- sowie Softair-Waffe zu besitzen. Die Polizei beschlagnahmte s\u00e4mtliche Waffen.<\/p>\n<p class=\"tspBYlv\">Der 20-J\u00e4hrige kam mit auf die Wache, wo ein Bluttest durchgef\u00fchrt wurde. Anschlie\u00dfend entlie\u00df ihn die Polizei wieder. (Tsp)<\/p>\n<p class=\"tspSdi\">Empfohlener redaktioneller Inhalt<\/p>\n<p> An dieser Stelle finden Sie einen von unseren Redakteuren ausgew\u00e4hlten, externen Inhalt, der den Artikel f\u00fcr Sie mit zus\u00e4tzlichen Informationen anreichert. Sie k\u00f6nnen sich hier den externen Inhalt mit einem Klick anzeigen lassen oder wieder ausblenden. <\/p>\n<p> Externen Inhalt anzeigen <\/p>\n<p class=\"tspSdo\"> Ich bin damit einverstanden, dass mir der externe Inhalt angezeigt wird. Damit k\u00f6nnen personenbezogene Daten an Drittplattformen \u00fcbermittelt werden.  Mehr Informationen dazu erhalten Sie in den Datenschutz-Einstellungen. Diese finden Sie ganz unten auf unserer Seite im Footer, sodass Sie Ihre Einstellungen jederzeit verwalten oder widerrufen k\u00f6nnen. <\/p>\n","protected":false},"excerpt":{"rendered":"Spezialeinsatzkr\u00e4fte der Berliner Polizei haben eine Wohnung in Berlin-Reinickendorf gest\u00fcrmt, weil ein 20-J\u00e4hriger aus dieser mit einer Schreckschusswaffe&hellip;\n","protected":false},"author":2,"featured_media":157428,"comment_status":"","ping_status":"","sticky":false,"template":"","format":"standard","meta":{"footnotes":""},"categories":[1825],"tags":[296,29,980,30,121,3573],"class_list":{"0":"post-157427","1":"post","2":"type-post","3":"status-publish","4":"format-standard","5":"has-post-thumbnail","7":"category-berlin","8":"tag-berlin","9":"tag-deutschland","10":"tag-festnahme","11":"tag-germany","12":"tag-polizei","13":"tag-reinickendorf"},"share_on_mastodon":{"url":"https:\/\/pubeurope.com\/@de\/114609739743147866","error":""},"_links":{"self":[{"href":"https:\/\/www.europesays.com\/de\/wp-json\/wp\/v2\/posts\/157427","targetHints":{"allow":["GET"]}}],"collection":[{"href":"https:\/\/www.europesays.com\/de\/wp-json\/wp\/v2\/posts"}],"about":[{"href":"https:\/\/www.europesays.com\/de\/wp-json\/wp\/v2\/types\/post"}],"author":[{"embeddable":true,"href":"https:\/\/www.europesays.com\/de\/wp-json\/wp\/v2\/users\/2"}],"replies":[{"embeddable":true,"href":"https:\/\/www.europesays.com\/de\/wp-json\/wp\/v2\/comments?post=157427"}],"version-history":[{"count":0,"href":"https:\/\/www.europesays.com\/de\/wp-json\/wp\/v2\/posts\/157427\/revisions"}],"wp:featuredmedia":[{"embeddable":true,"href":"https:\/\/www.europesays.com\/de\/wp-json\/wp\/v2\/media\/157428"}],"wp:attachment":[{"href":"https:\/\/www.europesays.com\/de\/wp-json\/wp\/v2\/media?parent=157427"}],"wp:term":[{"taxonomy":"category","embeddable":true,"href":"https:\/\/www.europesays.com\/de\/wp-json\/wp\/v2\/categories?post=157427"},{"taxonomy":"post_tag","embeddable":true,"href":"https:\/\/www.europesays.com\/de\/wp-json\/wp\/v2\/tags?post=157427"}],"curies":[{"name":"wp","href":"https:\/\/api.w.org\/{rel}","templated":true}]}}