{"id":157469,"date":"2025-06-01T19:45:19","date_gmt":"2025-06-01T19:45:19","guid":{"rendered":"https:\/\/www.europesays.com\/de\/157469\/"},"modified":"2025-06-01T19:45:19","modified_gmt":"2025-06-01T19:45:19","slug":"moenchengladbach-schuetzenumzug-in-wanlo-2025","status":"publish","type":"post","link":"https:\/\/www.europesays.com\/de\/157469\/","title":{"rendered":"M\u00f6nchengladbach: Sch\u00fctzenumzug in Wanlo 2025"},"content":{"rendered":"<p class=\"text_ohne_einzug richtext text-em-55 !leading-serif mx-6 desktop:mx-0\"> Wenn auch der Wolkenbruch am Samstag die Prunkfeierlichkeiten gewaltig st\u00f6rte und Sch\u00fctzen sowie Majest\u00e4ten nach dem Setzen des Ehrenmais im Bus zum Festzelt gefahren werden mussten, Wanlo feierte weiter und freut sich auf die Jubil\u00e4umsfeierlichkeiten in diesem Jahr. Die St. Antonius-Sebastianus Bruderschaft wird 625 Jahre alt. Diesen historischen Geburtstag feiert Wanlo als besonderes Fest erst Ende September.<\/p>\n<p class=\"richtext text-em-55 !leading-serif mx-6 desktop:mx-0\">Brudermeister Stefan Stepprath bringt die Stimmung des Jubil\u00e4umsjahres auf den Punkt: \u201e625 Jahre Bruderschaft, das erf\u00fcllt uns mit Vorfreude und Ehrfurcht. Es ist beeindruckend, wie sich \u00fcber Jahrhunderte hinweg Werte wie Gemeinschaft, Zusammenhalt und Verantwortung erhalten haben. Dieses Erbe wollen wir in die Zukunft tragen.\u201c <br \/>Bei seiner Rede am Sonntagmorgen am Ehrenmal redet Stepprath \u00fcber die Vergangenheit, \u00fcber Krieg, Gewalt und Vertreibung. Er spricht \u00fcber die Gr\u00fcndungsphase, \u00fcber den 30-j\u00e4hrigen Krieg, in dessen Verlauf niederl\u00e4ndische Truppen das Dorf \u00fcberfallen haben; sp\u00e4ter waren es spanische Truppen und auch die Franzosen. In allen Zeiten sei die Wanloer Bruderschaft St\u00fctze, Halt und H\u00fcter des Friedens gewesen. Stepprath spricht die Menschen vor dem Ehrenmal direkt an: \u201eWer den Frieden will, der redet dar\u00fcber. Redet, h\u00f6rt zu und zieht eure Schl\u00fcsse daraus!\u201c<\/p>\n<p class=\"richtext text-em-55 !leading-serif mx-6 desktop:mx-0\">Bei der Kranzniederlegung zeichnet der Brudermeister zwei \u201eK\u00fcmmerer\u201c seiner Bruderschaft mit dem Silbernen Verdienstkreuz des Bundes aus: Madlein Derichs und Oliver Altenburger. Den Jugendverdienstorden erh\u00e4lt der junge Hauptmann Niklas Stepprath. Weitere Auszeichnungen (Hohe Bruderschaftsorden) gab es bereits am Samstag durch den stellvertretenden Bezirkspr\u00e4ses Norbert H\u00e4usler f\u00fcr Armin Eschenbr\u00fccher, Christian Giesen und Heinz Peters. Das St. Sebastianus Ehrenkreuz erhielt Heinz-Peter Moll.<\/p>\n<p class=\"richtext text-em-55 !leading-serif mx-6 desktop:mx-0\">30-j\u00e4hriges Bestehen feiert der J\u00e4gerzug, der ma\u00dfgeblich an der Gestaltung der Festtage beteiligt war, sehr zur Freude von Sch\u00fctzenk\u00f6nig Michael Hamacher und seiner K\u00f6nigin Steffi Eitel sowie von den Ministerpaaren Bernd Wienands mit Michaela und Stefan Pitsch mit Bianca. Mit Chiara Sudkamp-Nausch\u00fctz hat die Bruderschaft in diesem Jahr eine Jungkaiserin. Sch\u00fclerprinz ist Liam Wagner. An diesem Wochenende werden zwei neue Fahnen getragen: die Fahne der j\u00fcngsten Sch\u00fctzen, die teilweise noch in ihre etwas zu gro\u00dfen Matrosenh\u00fcte wachsen m\u00fcssen, sowie die Standarte der Chargierten.<\/p>\n<p class=\"richtext text-em-55 !leading-serif mx-6 desktop:mx-0\">Umzug und Parade am Nachmittag werden durch die Sch\u00fctzen aus Keyenberg, Wickrath, Geistenbeck und Hockstein bereichert. An diesem Wochenende hatte das Tambourcorps Wanlo seinen zweiten Auftritt im Heimatdorf: es spielte schon am Sonntagmorgen, gemeinsam mit dem Musikverein Unterbruch, einen hervorragenden Gro\u00dfen Zapfenstreich.<\/p>\n","protected":false},"excerpt":{"rendered":"Wenn auch der Wolkenbruch am Samstag die Prunkfeierlichkeiten gewaltig st\u00f6rte und Sch\u00fctzen sowie Majest\u00e4ten nach dem Setzen des&hellip;\n","protected":false},"author":2,"featured_media":157470,"comment_status":"","ping_status":"","sticky":false,"template":"","format":"standard","meta":{"footnotes":""},"categories":[1849],"tags":[55221,55222,23078,35236,3364,29,548,663,3934,27331,30,13,4455,14,15,1209,54831,55223,12,9877,30853,23065,42087,55220,55219],"class_list":{"0":"post-157469","1":"post","2":"type-post","3":"status-publish","4":"format-standard","5":"has-post-thumbnail","7":"category-moenchengladbach","8":"tag-55221","9":"tag-brudermeister","10":"tag-bruderschaft","11":"tag-bruderschaftsorden","12":"tag-de","13":"tag-deutschland","14":"tag-eu","15":"tag-europa","16":"tag-europe","17":"tag-feiert","18":"tag-germany","19":"tag-headlines","20":"tag-moenchengladbach","21":"tag-nachrichten","22":"tag-news","23":"tag-nordrhein-westfalen","24":"tag-rede","25":"tag-redet","26":"tag-schlagzeilen","27":"tag-schuetzen","28":"tag-schuetzenkoenig","29":"tag-sebastianus","30":"tag-stefan","31":"tag-stepprath","32":"tag-wanlo"},"share_on_mastodon":{"url":"https:\/\/pubeurope.com\/@de\/114609830208946696","error":""},"_links":{"self":[{"href":"https:\/\/www.europesays.com\/de\/wp-json\/wp\/v2\/posts\/157469","targetHints":{"allow":["GET"]}}],"collection":[{"href":"https:\/\/www.europesays.com\/de\/wp-json\/wp\/v2\/posts"}],"about":[{"href":"https:\/\/www.europesays.com\/de\/wp-json\/wp\/v2\/types\/post"}],"author":[{"embeddable":true,"href":"https:\/\/www.europesays.com\/de\/wp-json\/wp\/v2\/users\/2"}],"replies":[{"embeddable":true,"href":"https:\/\/www.europesays.com\/de\/wp-json\/wp\/v2\/comments?post=157469"}],"version-history":[{"count":0,"href":"https:\/\/www.europesays.com\/de\/wp-json\/wp\/v2\/posts\/157469\/revisions"}],"wp:featuredmedia":[{"embeddable":true,"href":"https:\/\/www.europesays.com\/de\/wp-json\/wp\/v2\/media\/157470"}],"wp:attachment":[{"href":"https:\/\/www.europesays.com\/de\/wp-json\/wp\/v2\/media?parent=157469"}],"wp:term":[{"taxonomy":"category","embeddable":true,"href":"https:\/\/www.europesays.com\/de\/wp-json\/wp\/v2\/categories?post=157469"},{"taxonomy":"post_tag","embeddable":true,"href":"https:\/\/www.europesays.com\/de\/wp-json\/wp\/v2\/tags?post=157469"}],"curies":[{"name":"wp","href":"https:\/\/api.w.org\/{rel}","templated":true}]}}