{"id":15750,"date":"2025-04-08T13:42:13","date_gmt":"2025-04-08T13:42:13","guid":{"rendered":"https:\/\/www.europesays.com\/de\/15750\/"},"modified":"2025-04-08T13:42:13","modified_gmt":"2025-04-08T13:42:13","slug":"angeklagter-bestreitet-antisemitisches-motiv-und-bietet-schmerzensgeld-an","status":"publish","type":"post","link":"https:\/\/www.europesays.com\/de\/15750\/","title":{"rendered":"Angeklagter bestreitet antisemitisches Motiv und bietet Schmerzensgeld an"},"content":{"rendered":"<p class=\"tspCAmw tspCAmx\">Im Prozess um die Attacke auf den j\u00fcdischen Studenten Lahav Shapira hat ein angeklagter Ex-Kommilitone den Angriff gestanden und um Vergebung gebeten. Ein antisemitisches Motiv f\u00fcr die Tat stritt der 24-J\u00e4hrige jedoch ab. \u201eEs tut mir sehr leid\u201c, sagte er zum Prozessauftakt vor dem Amtsgericht Tiergarten. Der Vorfall belaste ihn. Der 24-J\u00e4hrige bot an, dem Opfer ein Schmerzensgeld von zun\u00e4chst 5500 Euro zu zahlen. Sp\u00e4ter wolle er weitere monatliche Zahlungen leisten. <\/p>\n<p><a href=\"https:\/\/www.tagesspiegel.de\/berlin\/lahav-shapira-uber-antisemitischen-angriff-in-berlin-ich-hatte-fast-einen-halben-baumarkt-im-gesicht-13504873.html?icid=single-topic_13504066___\" data-gtm-class=\"article-mzt-link\" class=\"tspCGnc\" target=\"_blank\" rel=\"noopener\">Lahav Shapira \u00fcber antisemitischen Angriff in Berlin \u201eIch hatte fast einen halben Baumarkt im Gesicht\u201c <\/a><\/p>\n<p class=\"tspCAmw\">Die Anklage wirft dem fr\u00fcheren Lehramtsstudenten der Freien Universit\u00e4t (FU) gef\u00e4hrliche K\u00f6rperverletzung vor. Sie geht davon aus, dass antisemitische Motive der Grund f\u00fcr den Angriff auf den inzwischen 32 Jahre alten Shapira waren. Hintergrund soll das politische Engagement des j\u00fcdischen Studenten im Zusammenhang mit dem Terroranschlag der islamistischen Hamas auf Israel am 7. Oktober 2023 gewesen sein. &#13;<\/p>\n<p> Angeklagter hat Studium beendet&#13; <\/p>\n<p class=\"tspCAmw\">Angeklagter und Opfer begegneten sich am 2. Februar 2024 in einer Bar in Berlin-Mitte, wie der 24-J\u00e4hrige vor Gericht angab. Als Shapira das Lokal verlassen habe, sei er ihm gefolgt. Nach Angaben des Angeklagten hielt er Shapira vor, dass dieser Plakate an der FU abgerissen habe und dessen Agieren in einer Whatsapp-Gruppe. \u201eEs ging mir nicht um Politik, sondern das Miteinander unter Kommilitonen\u201c, sagte der in Berlin geborene Angeklagte.&#13;<\/p>\n<p class=\"tspCAmw\">Es sei zum Streit gekommen und er habe zugeschlagen. Dabei habe er seine Kampfsporterfahrung untersch\u00e4tzt, so der 24-J\u00e4hrige, dessen Eltern aus dem Libanon stammen. Er habe die Fassung verloren. Er hat sich inzwischen selbst exmatrikuliert an der FU, wie er sagte. &#13;<\/p>\n<p class=\"tspAAfh\">Empfohlener redaktioneller Inhalt<\/p>\n<p> An dieser Stelle finden Sie einen von unseren Redakteuren ausgew\u00e4hlten, externen Inhalt, der den Artikel f\u00fcr Sie mit zus\u00e4tzlichen Informationen anreichert. Sie k\u00f6nnen sich hier den externen Inhalt mit einem Klick anzeigen lassen oder wieder ausblenden. <\/p>\n<p> Externen Inhalt anzeigen <\/p>\n<p class=\"tspAAfn\"> Ich bin damit einverstanden, dass mir der externe Inhalt angezeigt wird. Damit k\u00f6nnen personenbezogene Daten an Drittplattformen \u00fcbermittelt werden.  Mehr Informationen dazu erhalten Sie in den Datenschutz-Einstellungen. Diese finden Sie ganz unten auf unserer Seite im Footer, sodass Sie Ihre Einstellungen jederzeit verwalten oder widerrufen k\u00f6nnen. <\/p>\n<p><a href=\"https:\/\/www.tagesspiegel.de\/berlin\/prozess-nach-angriff-auf-judischen-studenten-berlins-antisemitismusbeauftragter-nennt-lage-an-den-hochschulen-ubel-und-bitter-13504621.html?icid=single-topic_13504066___\" data-gtm-class=\"article-mzt-link\" class=\"tspCGnc\" target=\"_blank\" rel=\"noopener\">Prozess nach Angriff auf j\u00fcdischen Studenten Berlins Antisemitismusbeauftragter nennt Lage an den Hochschulen \u201e\u00fcbel und bitter\u201c <\/a><\/p>\n<p class=\"tspCAmw\">Der Angeklagte soll Shapira unvermittelt mit der Faust niedergeschlagen haben. Danach soll er ihm einen Tritt mit voller Wucht ins Gesicht versetzt haben. Der 32-J\u00e4hrige erlitt dabei laut Anklage eine komplexe Mittelgesichtsfraktur und eine Hirnblutung.&#13;<\/p>\n<p> Antisemitismusbeauftragter verfolgt Prozess&#13; <\/p>\n<p class=\"tspCAmw\">Shapira tritt in dem Verfahren als Nebenkl\u00e4ger auf. Er wurde als erster Zeuge geh\u00f6rt. F\u00fcr den Prozess vor dem Amtsgericht Tiergarten sind zun\u00e4chst zwei Tage eingeplant. Bislang sind sieben weitere Zeugen geladen. Ein Urteil k\u00f6nnte am 17. April gesprochen werden. <\/p>\n<p> Antisemitismus in Berlin <a href=\"https:\/\/www.tagesspiegel.de\/wissen\/auch-wegen-explosion-antisemitischer-vorfalle-judische-studierendenvertreterin-will-deutschland-verlassen-13284553.html?icid=topic-list_13504066___\" data-gtm-class=\"article-mzt-link\" class=\"tspCGnc\" target=\"_blank\" rel=\"noopener\">Auch wegen \u201eExplosion antisemitischer Vorf\u00e4lle\u201c J\u00fcdische Studierendenvertreterin will Deutschland verlassen <\/a><a href=\"https:\/\/www.tagesspiegel.de\/berlin\/antisemitismus-gewalt-hetze-die-zahl-der-israelfeindlichen-straftaten-in-berlin-hat-sich-verzehnfacht-12488858.html?icid=topic-list_13504066___\" data-gtm-class=\"article-mzt-link\" class=\"tspCGnc\" target=\"_blank\" rel=\"noopener\">Antisemitismus, Gewalt, Hetze Die Zahl der israelfeindlichen Straftaten in Berlin hat sich verzehnfacht <\/a><a href=\"https:\/\/www.tagesspiegel.de\/berlin\/mehr-vorfalle-als-je-zuvor-registriert-recherchestelle-rias-dokumentiert-deutlich-mehr-antisemitische-ubergriffe-in-berlin-12779942.html?icid=topic-list_13504066___\" data-gtm-class=\"article-mzt-link\" class=\"tspCGnc\" target=\"_blank\" rel=\"noopener\">\u201eMehr Vorf\u00e4lle als je zuvor registriert\u201c Recherchestelle RIAS dokumentiert deutlich mehr antisemitische \u00dcbergriffe in Berlin <\/a><\/p>\n<p class=\"tspCAmw\">Der Antisemitismusbeauftragte der Bundesregierung, Felix Klein, verfolgte den Auftakt des Prozesses vor dem Sch\u00f6ffengericht, der unter versch\u00e4rften Sicherheitsvorkehrungen erfolgt. \u201eDieses Verfahren zeigt eines ganz deutlich: n\u00e4mlich, wie gef\u00e4hrlich Antisemitismus ist und wie wichtig seine konsequente Verfolgung und Ahndung durch die Justiz sind\u201c, erkl\u00e4rte Klein im Vorfeld. (dpa)<\/p>\n","protected":false},"excerpt":{"rendered":"Im Prozess um die Attacke auf den j\u00fcdischen Studenten Lahav Shapira hat ein angeklagter Ex-Kommilitone den Angriff gestanden&hellip;\n","protected":false},"author":2,"featured_media":15751,"comment_status":"","ping_status":"","sticky":false,"template":"","format":"standard","meta":{"footnotes":""},"categories":[1825],"tags":[712,296,29,2768,30,525],"class_list":{"0":"post-15750","1":"post","2":"type-post","3":"status-publish","4":"format-standard","5":"has-post-thumbnail","7":"category-berlin","8":"tag-antisemitismus","9":"tag-berlin","10":"tag-deutschland","11":"tag-freie-universitaet-berlin","12":"tag-germany","13":"tag-mitte"},"share_on_mastodon":{"url":"https:\/\/pubeurope.com\/@de\/114302638146853066","error":""},"_links":{"self":[{"href":"https:\/\/www.europesays.com\/de\/wp-json\/wp\/v2\/posts\/15750","targetHints":{"allow":["GET"]}}],"collection":[{"href":"https:\/\/www.europesays.com\/de\/wp-json\/wp\/v2\/posts"}],"about":[{"href":"https:\/\/www.europesays.com\/de\/wp-json\/wp\/v2\/types\/post"}],"author":[{"embeddable":true,"href":"https:\/\/www.europesays.com\/de\/wp-json\/wp\/v2\/users\/2"}],"replies":[{"embeddable":true,"href":"https:\/\/www.europesays.com\/de\/wp-json\/wp\/v2\/comments?post=15750"}],"version-history":[{"count":0,"href":"https:\/\/www.europesays.com\/de\/wp-json\/wp\/v2\/posts\/15750\/revisions"}],"wp:featuredmedia":[{"embeddable":true,"href":"https:\/\/www.europesays.com\/de\/wp-json\/wp\/v2\/media\/15751"}],"wp:attachment":[{"href":"https:\/\/www.europesays.com\/de\/wp-json\/wp\/v2\/media?parent=15750"}],"wp:term":[{"taxonomy":"category","embeddable":true,"href":"https:\/\/www.europesays.com\/de\/wp-json\/wp\/v2\/categories?post=15750"},{"taxonomy":"post_tag","embeddable":true,"href":"https:\/\/www.europesays.com\/de\/wp-json\/wp\/v2\/tags?post=15750"}],"curies":[{"name":"wp","href":"https:\/\/api.w.org\/{rel}","templated":true}]}}