{"id":157501,"date":"2025-06-01T20:02:11","date_gmt":"2025-06-01T20:02:11","guid":{"rendered":"https:\/\/www.europesays.com\/de\/157501\/"},"modified":"2025-06-01T20:02:11","modified_gmt":"2025-06-01T20:02:11","slug":"wadephul-will-in-zollstreit-mit-usa-dienstleistungen-beruecksichtigen","status":"publish","type":"post","link":"https:\/\/www.europesays.com\/de\/157501\/","title":{"rendered":"Wadephul will in Zollstreit mit USA Dienstleistungen ber\u00fccksichtigen"},"content":{"rendered":"<p class=\"is-first-paragraph\" data-external=\"Article.FirstParagraph\">Die EU will im <a class=\"is-link c-block-items__link c-link--rich-text-renderer\" href=\"https:\/\/www.welt.de\/politik\/ausland\/article256186936\/zoll-streit-am-ende-gibt-es-nur-einen-verlierer-und-der-heisst-nicht-trump.html\" data-internal-tracking-enabled=\"true\" data-internal-tracking=\"{&quot;action&quot;:&quot;click&quot;,&quot;label&quot;:&quot;link&quot;,&quot;name&quot;:&quot;Inline Element&quot;,&quot;data&quot;:{&quot;source&quot;:&quot;&quot;,&quot;target&quot;:&quot;https:\/\/www.welt.de\/politik\/ausland\/article256186936\/zoll-streit-am-ende-gibt-es-nur-einen-verlierer-und-der-heisst-nicht-trump.html&quot;,&quot;trackingName&quot;:&quot;&quot;,&quot;trackingLabel&quot;:&quot;&quot;}}\" target=\"_blank\" rel=\"noopener\">Zollstreit mit den USA <\/a>nach Angaben von Bundesau\u00dfenminister Johann Wadephul auch Dienstleistungen in die Betrachtung einbeziehen, um Pr\u00e4sident Donald Trump zum Einlenken zu bewegen. <\/p>\n<p>\u201eWir wollen den Blick nicht nur auf den Austausch von Waren und G\u00fctern lenken, sondern auch auf Dienstleistungen. Und wenn man das ganze Spektrum sieht, dann ist der Austausch zwischen den Vereinigten Staaten von Amerika und der Europ\u00e4ischen Union ziemlich ausgeglichen\u201c, erkl\u00e4rte <a class=\"is-link c-block-items__link c-link--rich-text-renderer\" href=\"https:\/\/www.welt.de\/politik\/deutschland\/article256191268\/krieg-in-der-ukraine-das-war-von-anfang-an-klar-sage-wadepuhl-zur-frage-wie-der-krieg-enden-werde.html\" data-internal-tracking-enabled=\"true\" data-internal-tracking=\"{&quot;action&quot;:&quot;click&quot;,&quot;label&quot;:&quot;link&quot;,&quot;name&quot;:&quot;Inline Element&quot;,&quot;data&quot;:{&quot;source&quot;:&quot;&quot;,&quot;target&quot;:&quot;https:\/\/www.welt.de\/politik\/deutschland\/article256191268\/krieg-in-der-ukraine-das-war-von-anfang-an-klar-sage-wadepuhl-zur-frage-wie-der-krieg-enden-werde.html&quot;,&quot;trackingName&quot;:&quot;&quot;,&quot;trackingLabel&quot;:&quot;&quot;}}\" target=\"_blank\" rel=\"noopener\">Wadephul<\/a> (CDU) in der<a class=\"is-link c-block-items__link is-external c-link--rich-text-renderer\" href=\"https:\/\/www.zdfheute.de\/politik\/wadephul-deutschland-usa-trump-merz-100.html\" title=\"(Link wird in einem neuen Tab ge\u00f6ffnet)\" rel=\"nofollow noopener\" data-internal-tracking-enabled=\"true\" data-internal-tracking=\"{&quot;action&quot;:&quot;click&quot;,&quot;label&quot;:&quot;link&quot;,&quot;name&quot;:&quot;Inline Element&quot;,&quot;data&quot;:{&quot;source&quot;:&quot;&quot;,&quot;target&quot;:&quot;https:\/\/www.zdfheute.de\/politik\/wadephul-deutschland-usa-trump-merz-100.html&quot;,&quot;trackingName&quot;:&quot;&quot;,&quot;trackingLabel&quot;:&quot;&quot;}}\" target=\"_blank\"> ZDF-Sendung \u201eBerlin direkt\u201c<\/a>. \u201eUnd wenn man das in den Blick nimmt, haben wir, glaube ich, gute Voraussetzungen, auch zu einem vern\u00fcnftigen Abschluss zu kommen.\u201c<\/p>\n<p>Auch der Vorsitzende des Handelsausschusses im Europ\u00e4ischen Parlament, Bernd Lange (SPD), hatte das bereits angedeutet. Seinen Angaben zufolge hat die EU bei Dienstleistungen ein Handelsdefizit mit den USA. Das liegt vor allem an den in Europa stark nachgefragten Angeboten der US-Digitalkonzerne wie Google und Meta. Trump begr\u00fcndet seine Zollpolitik damit, die USA h\u00e4tten im Warenverkehr ein Handelsdefizit gegen\u00fcber der EU.<\/p>\n<p>Zuletzt hatte der US-Pr\u00e4sident eine Verdopplung der Z\u00f6lle auf Aluminium und Stahl auf 50 Prozent angek\u00fcndigt. Ein Sprecher der EU-Kommission drohte am Wochenende mit Gegenma\u00dfnahmen.<\/p>\n","protected":false},"excerpt":{"rendered":"Die EU will im Zollstreit mit den USA nach Angaben von Bundesau\u00dfenminister Johann Wadephul auch Dienstleistungen in die&hellip;\n","protected":false},"author":2,"featured_media":157502,"comment_status":"","ping_status":"","sticky":false,"template":"","format":"standard","meta":{"footnotes":""},"categories":[3977],"tags":[331,332,15323,114,7736,13,32329,14,15,110,12,113,4017,4018,4016,64,4019,4020,30616,49634],"class_list":{"0":"post-157501","1":"post","2":"type-post","3":"status-publish","4":"format-standard","5":"has-post-thumbnail","7":"category-usa","8":"tag-aktuelle-nachrichten","9":"tag-aktuelle-news","10":"tag-balken-inbox","11":"tag-donald-geb-1946","12":"tag-europaeische-union-eu","13":"tag-headlines","14":"tag-johann","15":"tag-nachrichten","16":"tag-news","17":"tag-newsteam","18":"tag-schlagzeilen","19":"tag-trump","20":"tag-united-states","21":"tag-united-states-of-america","22":"tag-us","23":"tag-usa","24":"tag-vereinigte-staaten","25":"tag-vereinigte-staaten-von-amerika","26":"tag-wadephul","27":"tag-zoelle-ks"},"share_on_mastodon":{"url":"https:\/\/pubeurope.com\/@de\/114609897185530096","error":""},"_links":{"self":[{"href":"https:\/\/www.europesays.com\/de\/wp-json\/wp\/v2\/posts\/157501","targetHints":{"allow":["GET"]}}],"collection":[{"href":"https:\/\/www.europesays.com\/de\/wp-json\/wp\/v2\/posts"}],"about":[{"href":"https:\/\/www.europesays.com\/de\/wp-json\/wp\/v2\/types\/post"}],"author":[{"embeddable":true,"href":"https:\/\/www.europesays.com\/de\/wp-json\/wp\/v2\/users\/2"}],"replies":[{"embeddable":true,"href":"https:\/\/www.europesays.com\/de\/wp-json\/wp\/v2\/comments?post=157501"}],"version-history":[{"count":0,"href":"https:\/\/www.europesays.com\/de\/wp-json\/wp\/v2\/posts\/157501\/revisions"}],"wp:featuredmedia":[{"embeddable":true,"href":"https:\/\/www.europesays.com\/de\/wp-json\/wp\/v2\/media\/157502"}],"wp:attachment":[{"href":"https:\/\/www.europesays.com\/de\/wp-json\/wp\/v2\/media?parent=157501"}],"wp:term":[{"taxonomy":"category","embeddable":true,"href":"https:\/\/www.europesays.com\/de\/wp-json\/wp\/v2\/categories?post=157501"},{"taxonomy":"post_tag","embeddable":true,"href":"https:\/\/www.europesays.com\/de\/wp-json\/wp\/v2\/tags?post=157501"}],"curies":[{"name":"wp","href":"https:\/\/api.w.org\/{rel}","templated":true}]}}