{"id":157503,"date":"2025-06-01T20:03:17","date_gmt":"2025-06-01T20:03:17","guid":{"rendered":"https:\/\/www.europesays.com\/de\/157503\/"},"modified":"2025-06-01T20:03:17","modified_gmt":"2025-06-01T20:03:17","slug":"eu-uk-gipfel-deal-zwischen-london-und-bruessel-kann-beim-strompreis-helfen-2","status":"publish","type":"post","link":"https:\/\/www.europesays.com\/de\/157503\/","title":{"rendered":"EU-UK-Gipfel: Deal zwischen London und Br\u00fcssel kann beim Strompreis helfen"},"content":{"rendered":"<p class=\"paragraph article__item\">Das Abkommen zwischen Gro\u00dfbritannien und der EU k\u00f6nnte Deutschland nach Ansicht eines Experten insbesondere auch beim Strompreis zugutekommen. \u00abVor allem das gemeinsame Interesse an einer Verbesserung des Stromhandels birgt das Potenzial auf eine g\u00fcnstige und gr\u00fcne Stromversorgung, vor allem in der EU\u00bb, sagte Marc Lehnfeld von der bundeseigenen Gesellschaft Germany Trade and Invest (GTAI) in <a class=\"rtr-entity\" href=\"https:\/\/www.zeit.de\/thema\/london\" target=\"_blank\" rel=\"noopener\">London<\/a> der Deutschen Presse-Agentur.\n<\/p>\n<p>Aktuelles<\/p>\n<p>                <a href=\"https:\/\/www.zeit.de\/politik\/ausland\/2025-05\/donald-trump-handelsabkommen-grossbritannien\" data-ct-label=\"Handelsabkommen: Trump lobt &quot;Durchbruch&quot; beim Handel mit Gro\u00dfbritannien\" target=\"_blank\" rel=\"noopener\"><\/p>\n<p>                        Handelsabkommen:<br \/>\n                        Trump lobt &#8222;Durchbruch&#8220; beim Handel mit Gro\u00dfbritannien<\/p>\n<p>                <\/a><\/p>\n<p>                <a href=\"https:\/\/www.zeit.de\/politik\/2025-05\/grossbritannien-eu-brexit-gipfel-treffen\" data-ct-label=\"Nach dem Brexit: EU und Gro\u00dfbritannien stimmen Verteidigung, Fischfang und Visa ab\" target=\"_blank\" rel=\"noopener\"><\/p>\n<p>                        Nach dem Brexit:<br \/>\n                        EU und Gro\u00dfbritannien stimmen Verteidigung, Fischfang und Visa ab<\/p>\n<p>                <\/a><\/p>\n<p>                <a href=\"https:\/\/www.zeit.de\/politik\/ausland\/2025-05\/usa-grossbritannien-trump-starmer-zoelle-europa-politik\" data-ct-label=\"US-Z\u00f6lle: Britanniens Tr\u00fcmpfe\" target=\"_blank\" rel=\"noopener\"><\/p>\n<p>                        US-Z\u00f6lle:<br \/>\n                        Britanniens Tr\u00fcmpfe<\/p>\n<p>                <\/a><\/p>\n<p class=\"paragraph article__item\">Das Vereinigte K\u00f6nigreich sei der weltweit zweitgr\u00f6\u00dfte Produzent von Windstrom auf See. \u00abDer starke Ausbau erneuerbarer Energie auf der britischen Insel wird das K\u00f6nigreich in den n\u00e4chsten zehn Jahren zu einem Nettostromexporteur machen\u00bb, sagte Lehnfeld. Mit der Installation der Interkonnektoren Neuconnect und Tarchon entst\u00fcnden bereits die ersten direkten Stromverbindungen nach Deutschland. \u00abDas wird perspektivisch auch deutschen Unternehmen und Verbrauchern zugutekommen, sofern ein Deal gelingt\u00bb, sagte Lehnfeld.\n<\/p>\n<p>                \u00abHistorischer\u00bb Deal f\u00fcnf Jahre nach dem Brexit        <\/p>\n<p class=\"paragraph article__item\"><a class=\"rtr-entity\" href=\"https:\/\/www.zeit.de\/thema\/grossbritannien\" target=\"_blank\" rel=\"noopener\">Gro\u00dfbritannien<\/a> und die EU hatten sich nach monatelangen Verhandlungen auf eine Wiederann\u00e4herung unter anderem bei den Themen Verteidigung und Sicherheit, Lebensmittelstandards, Fischerei, Energie und irregul\u00e4re Migration geeinigt. EU-Kommissionschefin Ursula von der Leyen sprach von einem \u00abhistorischen Moment\u00bb.\n<\/p>\n<p class=\"paragraph article__item\">Deutlich sp\u00fcrbar werde der Deal laut Lehnfeld auch bei der angestrebten Einigung beim SPS-Abkommen, das Kontrollen von Lebensmitteln sowie von lebenden Tieren, Futtermitteln, Pflanzen und Saatgut regelt. \u00abDadurch wird der Handel mit frischen Lebensmitteln deutlich einfacher und g\u00fcnstiger, weil Gesundheitszertifikate und Checks an der Zollgrenze entfallen k\u00f6nnen\u00bb, sagte Lehnfeld.\n<\/p>\n<p class=\"paragraph article__item\">Das sei \u00abein gutes Signal f\u00fcr Lebensmittelhersteller und Einzelh\u00e4ndler in der EU und im Vereinigten K\u00f6nigreich, die unter der aktuellen b\u00fcrokratischen Last beim Export leiden oder sich sogar schon vom anderen Absatzmarkt zur\u00fcckgezogen hatten\u00bb. Allerdings h\u00e4tten beide Seiten zun\u00e4chst erst den Willen f\u00fcr ein gemeinsames SPS-Abkommen bekr\u00e4ftigt. \u00abDie Details m\u00fcssen nun noch verhandelt werden\u00bb, sagte Lehnfeld. \u00abLebensmittel und Getr\u00e4nke\u00a0machten im letzten Jahr 6,1 Prozent der deutschen Gesamtausfuhren auf die britische Insel aus. Im bilateralen Handel liegt der Lebensmittel- und Getr\u00e4nkeanteil wertm\u00e4\u00dfig bei 5,3 Prozent.\u00bb\n<\/p>\n<p class=\"paragraph article__item\">\u00a9 dpa-infocom, dpa:250520-930-566117\/1<\/p>\n","protected":false},"excerpt":{"rendered":"Das Abkommen zwischen Gro\u00dfbritannien und der EU k\u00f6nnte Deutschland nach Ansicht eines Experten insbesondere auch beim Strompreis zugutekommen.&hellip;\n","protected":false},"author":2,"featured_media":157504,"comment_status":"","ping_status":"","sticky":false,"template":"","format":"standard","meta":{"footnotes":""},"categories":[3976],"tags":[331,332,937,2520,548,50140,55237,551,13,702,4036,55236,14,15,12,14276,3992,3993,3994,3995,3996,3997],"class_list":{"0":"post-157503","1":"post","2":"type-post","3":"status-publish","4":"format-standard","5":"has-post-thumbnail","7":"category-vereinigtes-koenigreich","8":"tag-aktuelle-nachrichten","9":"tag-aktuelle-news","10":"tag-bruessel","11":"tag-deutsche-presse-agentur","12":"tag-eu","13":"tag-eu-uk-gipfel","14":"tag-germany-trade-and-invest","15":"tag-grossbritannien","16":"tag-headlines","17":"tag-lebensmittel","18":"tag-london","19":"tag-marc-lehnfeld","20":"tag-nachrichten","21":"tag-news","22":"tag-schlagzeilen","23":"tag-strompreis","24":"tag-uk","25":"tag-united-kingdom","26":"tag-united-kingdom-of-great-britain-and-northern-ireland","27":"tag-vereinigtes-koenigreich","28":"tag-vereinigtes-koenigreich-grossbritannien-und-nordirland","29":"tag-vereinigtes-koenigreich-von-grossbritannien-und-nordirland"},"share_on_mastodon":{"url":"","error":"Validation failed: Text character limit of 500 exceeded"},"_links":{"self":[{"href":"https:\/\/www.europesays.com\/de\/wp-json\/wp\/v2\/posts\/157503","targetHints":{"allow":["GET"]}}],"collection":[{"href":"https:\/\/www.europesays.com\/de\/wp-json\/wp\/v2\/posts"}],"about":[{"href":"https:\/\/www.europesays.com\/de\/wp-json\/wp\/v2\/types\/post"}],"author":[{"embeddable":true,"href":"https:\/\/www.europesays.com\/de\/wp-json\/wp\/v2\/users\/2"}],"replies":[{"embeddable":true,"href":"https:\/\/www.europesays.com\/de\/wp-json\/wp\/v2\/comments?post=157503"}],"version-history":[{"count":0,"href":"https:\/\/www.europesays.com\/de\/wp-json\/wp\/v2\/posts\/157503\/revisions"}],"wp:featuredmedia":[{"embeddable":true,"href":"https:\/\/www.europesays.com\/de\/wp-json\/wp\/v2\/media\/157504"}],"wp:attachment":[{"href":"https:\/\/www.europesays.com\/de\/wp-json\/wp\/v2\/media?parent=157503"}],"wp:term":[{"taxonomy":"category","embeddable":true,"href":"https:\/\/www.europesays.com\/de\/wp-json\/wp\/v2\/categories?post=157503"},{"taxonomy":"post_tag","embeddable":true,"href":"https:\/\/www.europesays.com\/de\/wp-json\/wp\/v2\/tags?post=157503"}],"curies":[{"name":"wp","href":"https:\/\/api.w.org\/{rel}","templated":true}]}}