{"id":157505,"date":"2025-06-01T20:04:10","date_gmt":"2025-06-01T20:04:10","guid":{"rendered":"https:\/\/www.europesays.com\/de\/157505\/"},"modified":"2025-06-01T20:04:10","modified_gmt":"2025-06-01T20:04:10","slug":"frankreich-feierlichkeiten-nach-finale-eskalieren-krawalle-in-paris-sport","status":"publish","type":"post","link":"https:\/\/www.europesays.com\/de\/157505\/","title":{"rendered":"Frankreich: Feierlichkeiten nach Finale eskalieren, Krawalle in Paris | Sport"},"content":{"rendered":"<p><b>Paris St. Germain schreibt Fu\u00dfball-Geschichte!<\/b><\/p>\n<p>Doch der Fu\u00dfball-Mob zeigt in Frankreichs Hauptstadt seine fiese Fratze. Es gibt unz\u00e4hlige Ausschreitungen &#8211; schon w\u00e4hrend des <a href=\"https:\/\/www.bild.de\/sport\/fussball\/champions-league\/home-15770784.bild.html\" class=\"text-link\" target=\"_blank\" rel=\"noopener\">Champions-League<\/a>-Endspiels gegen Inter Mailand (5:0). Und ich, der BILD-Reporter, gerate an einem der Brennpunkte pl\u00f6tzlich mitten hinein. <\/p>\n<p>Lesen Sie auch<\/p>\n<p>Alles ist angerichtet f\u00fcr einen sch\u00f6nen <a href=\"https:\/\/www.bild.de\/sport\/fussball\/fussball\/home-15769054.bild.html\" class=\"text-link\" target=\"_blank\" rel=\"noopener\">Fu\u00dfball<\/a>-Abend. Traumhaftes Wetter mit 25 Grad. Die Menschen tragen stolz ihr blaues PSG-Trikot, singen. Ich suche mir das Restaurant Le Bastille am Place de la Bastille im Herzen von Paris zum Fu\u00dfball-Schauen aus. Mit rund 200 G\u00e4sten war das Bistro rappelvoll. Davor auf dem Platz versammeln sich nochmals mehrere hundert Anh\u00e4nger. <\/p>\n<p><img decoding=\"async\" width=\"992\" height=\"558\" alt=\"Die Fans eskalieren nach dem Champions-League-Erfolg\" src=\"https:\/\/www.europesays.com\/de\/wp-content\/uploads\/2025\/06\/7b86ffbeff233830d2ea0591dbd5eef2,6d427352\"   class=\"landscape\" loading=\"lazy\"\/><\/p>\n<p class=\"fig__caption__text\">Die Fans eskalieren nach dem Champions-League-Erfolg <\/p>\n<p>Foto: AP<\/p>\n<p><b>Als PSG 1:0 in F\u00fchrung geht, gibt es kein Halten mehr. Die Menschen liegen sich in den Armen \u2013 auch im Le Bastille. Doch wenige Augenblicke sp\u00e4ter fliegen erstmals die F\u00e4uste. Panik macht sich breit. Schnell hat das Sicherheitspersonal die Situation aber im Griff. <\/b><\/p>\n<p>Anders eine Stunde sp\u00e4ter. Es f\u00e4llt das 4:0 f\u00fcr Paris. Wieder gro\u00dfer Jubel. Daraus wird Hass. Die G\u00e4ste im Restaurant werden mit Pyro- und Flaschen-W\u00fcrfen angegriffen, St\u00fchle und Tische fliegen. Scheiben gehen zu Bruch. Es kommt zu Schl\u00e4gereien. <\/p>\n<p><b>Schnell realisiere ich den Ernst der Lage, suche im hinteren Bereich, wie viele andere Besucher, Schutz. Ich sehe Kinder und junge Frauen weinen, h\u00f6re laute Schreie. Die Luft wird stickig durch den Rauch der Feuerwerksk\u00f6rper. Nach zehn Minuten haben die Sicherheits-Leute die Situation unter Kontrolle.<\/b><\/p>\n<p><img decoding=\"async\" width=\"992\" height=\"558\" alt=\"Vorn die Polizei, im Hintergrund der Fu\u00dfball-Mob\" src=\"https:\/\/www.europesays.com\/de\/wp-content\/uploads\/2025\/06\/51689081bce510f49667cb14784675cb,825bb359\"   class=\"landscape\" loading=\"lazy\"\/><\/p>\n<p class=\"fig__caption__text\">Vorn die Polizei, im Hintergrund der Fu\u00dfball-Mob<\/p>\n<p>Foto: Anadolu via Getty Images<\/p>\n<p>Ich verlasse noch vor dem Abpfiff das Le Bastille, will nur noch ins Hotel. Bis in den Morgen h\u00f6re ich Feuerwerksk\u00f6rper, Sirenen von Polizeiautos, Krankenwagen. Es gibt Pl\u00fcndereien, Autos werden zerst\u00f6rt, Fensterscheiben eingeschlagen, viele Verletzte, eine tote Rollerfahrerin (angefahren von \u201eFans\u201c).<\/p>\n<p>Beim Paris-Triumph: Mitbekommen, wer gestern die Balljungen waren?<a href=\"https:\/\/www.bild.de\/sport\/fussball\/beim-paris-triumph-mitbekommen-wer-gestern-die-balljungen-waren-683c4b355f7a8d25a5bea8db\" class=\"anchor\" target=\"_blank\" rel=\"noopener\"><img decoding=\"async\" width=\"992\" height=\"558\" alt=\"Teaser-Bild\" src=\"https:\/\/www.europesays.com\/de\/wp-content\/uploads\/2025\/06\/1ef9518bb40752eb466cd08133e6841f-landscape,73f533b5\"   class=\"landscape teaser__image\" loading=\"lazy\"\/><\/a><\/p>\n<p>Quelle: BILD01.06.2025<\/p>\n<p><b>Die Polizei nimmt 294 Personen fest. Frankreichs Innenminister Bruno Retailleau (64) schreibt auf X von \u201eBarbaren\u201c.<\/b> <\/p>\n","protected":false},"excerpt":{"rendered":"Paris St. Germain schreibt Fu\u00dfball-Geschichte! Doch der Fu\u00dfball-Mob zeigt in Frankreichs Hauptstadt seine fiese Fratze. Es gibt unz\u00e4hlige&hellip;\n","protected":false},"author":2,"featured_media":157506,"comment_status":"","ping_status":"","sticky":false,"template":"","format":"standard","meta":{"footnotes":""},"categories":[3974],"tags":[331,332,1001,468,548,663,3934,27168,3980,156,13,14,15,319,23613,3349,12,45],"class_list":{"0":"post-157505","1":"post","2":"type-post","3":"status-publish","4":"format-standard","5":"has-post-thumbnail","7":"category-frankreich","8":"tag-aktuelle-nachrichten","9":"tag-aktuelle-news","10":"tag-ausschreitungen","11":"tag-champions-league","12":"tag-eu","13":"tag-europa","14":"tag-europe","15":"tag-fan-gruppen","16":"tag-france","17":"tag-frankreich","18":"tag-headlines","19":"tag-nachrichten","20":"tag-news","21":"tag-paris","22":"tag-paris-saint-germain","23":"tag-real-madrid","24":"tag-schlagzeilen","25":"tag-texttospeech"},"share_on_mastodon":{"url":"https:\/\/pubeurope.com\/@de\/114609905182892085","error":""},"_links":{"self":[{"href":"https:\/\/www.europesays.com\/de\/wp-json\/wp\/v2\/posts\/157505","targetHints":{"allow":["GET"]}}],"collection":[{"href":"https:\/\/www.europesays.com\/de\/wp-json\/wp\/v2\/posts"}],"about":[{"href":"https:\/\/www.europesays.com\/de\/wp-json\/wp\/v2\/types\/post"}],"author":[{"embeddable":true,"href":"https:\/\/www.europesays.com\/de\/wp-json\/wp\/v2\/users\/2"}],"replies":[{"embeddable":true,"href":"https:\/\/www.europesays.com\/de\/wp-json\/wp\/v2\/comments?post=157505"}],"version-history":[{"count":0,"href":"https:\/\/www.europesays.com\/de\/wp-json\/wp\/v2\/posts\/157505\/revisions"}],"wp:featuredmedia":[{"embeddable":true,"href":"https:\/\/www.europesays.com\/de\/wp-json\/wp\/v2\/media\/157506"}],"wp:attachment":[{"href":"https:\/\/www.europesays.com\/de\/wp-json\/wp\/v2\/media?parent=157505"}],"wp:term":[{"taxonomy":"category","embeddable":true,"href":"https:\/\/www.europesays.com\/de\/wp-json\/wp\/v2\/categories?post=157505"},{"taxonomy":"post_tag","embeddable":true,"href":"https:\/\/www.europesays.com\/de\/wp-json\/wp\/v2\/tags?post=157505"}],"curies":[{"name":"wp","href":"https:\/\/api.w.org\/{rel}","templated":true}]}}