{"id":15754,"date":"2025-04-08T13:44:13","date_gmt":"2025-04-08T13:44:13","guid":{"rendered":"https:\/\/www.europesays.com\/de\/15754\/"},"modified":"2025-04-08T13:44:13","modified_gmt":"2025-04-08T13:44:13","slug":"trump-portraet-kuenstlerin-fuehlt-sich-missverstanden","status":"publish","type":"post","link":"https:\/\/www.europesays.com\/de\/15754\/","title":{"rendered":"Trump-Portr\u00e4t:\u202fK\u00fcnstlerin f\u00fchlt sich missverstanden\u00a0"},"content":{"rendered":"<p class=\"text_ohne_einzug richtext text-em-55 !leading-serif mx-6 desktop:mx-0\">Die amerikanische Malerin Sarah Boardman will ein Portr\u00e4t von US-Pr\u00e4sident <a href=\"https:\/\/rp-online.de\/thema\/donald-trump\/\" rel=\"nofollow noopener\" target=\"_blank\">Donald Trump<\/a> nicht \u201ebewusst verzerrt\u201c haben. Boardman sagte der Nachrichtenagentur AP, sie habe in den sechs Jahren, in denen ihr Gem\u00e4lde im Kapitol von <a href=\"https:\/\/rp-online.de\/thema\/colorado\/\" rel=\"nofollow noopener\" target=\"_blank\">Colorado<\/a> in Denver hing, viele positive Kritiken und R\u00fcckmeldungen erhalten. Das habe sich seit Trumps \u00c4u\u00dferungen zu seiner Darstellung aber ge\u00e4ndert.<\/p>\n","protected":false},"excerpt":{"rendered":"Die amerikanische Malerin Sarah Boardman will ein Portr\u00e4t von US-Pr\u00e4sident Donald Trump nicht \u201ebewusst verzerrt\u201c haben. Boardman sagte&hellip;\n","protected":false},"author":2,"featured_media":15755,"comment_status":"","ping_status":"","sticky":false,"template":"","format":"standard","meta":{"footnotes":"","_share_on_mastodon":"0"},"categories":[1775],"tags":[1793,10615,10614,10610,7894,29,106,214,30,10616,1794,4819,10613,10611,215,10612],"class_list":["post-15754","post","type-post","status-publish","format-standard","has-post-thumbnail","category-kunst-und-design","tag-art-and-design","tag-aeussern","tag-bewusst","tag-boardman","tag-colorado","tag-deutschland","tag-donald-trump","tag-entertainment","tag-germany","tag-kapitol","tag-kunst-und-design","tag-kuenstlerin","tag-malerin","tag-portraet","tag-unterhaltung","tag-verzerrt"],"share_on_mastodon":{"url":"https:\/\/pubeurope.com\/@de\/114302646002485315","error":""},"_links":{"self":[{"href":"https:\/\/www.europesays.com\/de\/wp-json\/wp\/v2\/posts\/15754","targetHints":{"allow":["GET"]}}],"collection":[{"href":"https:\/\/www.europesays.com\/de\/wp-json\/wp\/v2\/posts"}],"about":[{"href":"https:\/\/www.europesays.com\/de\/wp-json\/wp\/v2\/types\/post"}],"author":[{"embeddable":true,"href":"https:\/\/www.europesays.com\/de\/wp-json\/wp\/v2\/users\/2"}],"replies":[{"embeddable":true,"href":"https:\/\/www.europesays.com\/de\/wp-json\/wp\/v2\/comments?post=15754"}],"version-history":[{"count":0,"href":"https:\/\/www.europesays.com\/de\/wp-json\/wp\/v2\/posts\/15754\/revisions"}],"wp:featuredmedia":[{"embeddable":true,"href":"https:\/\/www.europesays.com\/de\/wp-json\/wp\/v2\/media\/15755"}],"wp:attachment":[{"href":"https:\/\/www.europesays.com\/de\/wp-json\/wp\/v2\/media?parent=15754"}],"wp:term":[{"taxonomy":"category","embeddable":true,"href":"https:\/\/www.europesays.com\/de\/wp-json\/wp\/v2\/categories?post=15754"},{"taxonomy":"post_tag","embeddable":true,"href":"https:\/\/www.europesays.com\/de\/wp-json\/wp\/v2\/tags?post=15754"}],"curies":[{"name":"wp","href":"https:\/\/api.w.org\/{rel}","templated":true}]}}