{"id":157540,"date":"2025-06-01T20:26:17","date_gmt":"2025-06-01T20:26:17","guid":{"rendered":"https:\/\/www.europesays.com\/de\/157540\/"},"modified":"2025-06-01T20:26:17","modified_gmt":"2025-06-01T20:26:17","slug":"schwerer-unfall-in-essen-auto-prallt-gegen-baum","status":"publish","type":"post","link":"https:\/\/www.europesays.com\/de\/157540\/","title":{"rendered":"Schwerer Unfall in Essen: Auto prallt gegen Baum"},"content":{"rendered":"<p class=\"small date article__date\">Ver\u00f6ffentlicht:\u00a0Sonntag, 01.06.2025 15:26<\/p>\n<p>Am Sonntagvormittag (1. Juni) kam es auf der Meisenburgstra\u00dfe in Essen zu einem schweren Verkehrsunfall. Ein Autofahrer wurde dabei schwer verletzt und musste ins Krankenhaus gebracht werden.<\/p>\n<p><img decoding=\"async\" alt=\"\" src=\"https:\/\/www.europesays.com\/de\/wp-content\/uploads\/2025\/06\/20250106_schwerer_unfall_essen_justinbrosch_6.jpg&#038;crop=0x77x6000x3750&#038;resize=1280x800&#038;dt=20250601151.jpeg\" data-size=\"1280x800\"\/>\u00a9 Justin BroschSchwerer Unfall in Essen sorgt f\u00fcr Stra\u00dfensperrung<\/p>\n<p>Am Sonntagvormittag (1. Juni) kam es in Essen zu einem schweren Verkehrsunfall. Gegen 10:33 Uhr wurden Polizei und Feuerwehr zur Meisenburgstra\u00dfe in Kettwig gerufen. Dort war ein Auto von der Fahrbahn abgekommen und qualmte stark.<\/p>\n<p>Vor Ort fanden die Einsatzkr\u00e4fte einen Pkw vor, der offenbar frontal gegen einen Baum geprallt war. Der Fahrer war zun\u00e4chst nicht ansprechbar, konnte aber z\u00fcgig aus dem Fahrzeug befreit und vor Ort medizinisch erstversorgt werden. Anschlie\u00dfend wurde der schwer verletzte Mann ins Krankenhaus gebracht.<\/p>\n<p>Wie es zu dem Unfall kommen konnte, ist derzeit noch unklar. Die Polizei hat die Ermittlungen zur Unfallursache aufgenommen. W\u00e4hrend des gesamten Einsatzes blieb die Meisenburgstra\u00dfe in beide Richtungen f\u00fcr rund zwei Stunden gesperrt.<\/p>\n<p>Mehr Nachrichten aus Essen<img loading=\"lazy\" decoding=\"async\" src=\"https:\/\/www.europesays.com\/de\/wp-content\/uploads\/2025\/06\/306ab069f9034638b367b4c9790b1f0e.gif\" width=\"1\" height=\"1\" alt=\"\"\/><\/p>\n","protected":false},"excerpt":{"rendered":"Ver\u00f6ffentlicht:\u00a0Sonntag, 01.06.2025 15:26 Am Sonntagvormittag (1. Juni) kam es auf der Meisenburgstra\u00dfe in Essen zu einem schweren Verkehrsunfall.&hellip;\n","protected":false},"author":2,"featured_media":157541,"comment_status":"","ping_status":"","sticky":false,"template":"","format":"standard","meta":{"footnotes":""},"categories":[1834],"tags":[3275,11036,3364,29,3688,30,1980,1209,1284,3260],"class_list":{"0":"post-157540","1":"post","2":"type-post","3":"status-publish","4":"format-standard","5":"has-post-thumbnail","7":"category-essen","8":"tag-lokalnachrichten","9":"tag-baum","10":"tag-de","11":"tag-deutschland","12":"tag-essen","13":"tag-germany","14":"tag-mann","15":"tag-nordrhein-westfalen","16":"tag-unfall","17":"tag-verkehrsunfall"},"share_on_mastodon":{"url":"https:\/\/pubeurope.com\/@de\/114609991432953890","error":""},"_links":{"self":[{"href":"https:\/\/www.europesays.com\/de\/wp-json\/wp\/v2\/posts\/157540","targetHints":{"allow":["GET"]}}],"collection":[{"href":"https:\/\/www.europesays.com\/de\/wp-json\/wp\/v2\/posts"}],"about":[{"href":"https:\/\/www.europesays.com\/de\/wp-json\/wp\/v2\/types\/post"}],"author":[{"embeddable":true,"href":"https:\/\/www.europesays.com\/de\/wp-json\/wp\/v2\/users\/2"}],"replies":[{"embeddable":true,"href":"https:\/\/www.europesays.com\/de\/wp-json\/wp\/v2\/comments?post=157540"}],"version-history":[{"count":0,"href":"https:\/\/www.europesays.com\/de\/wp-json\/wp\/v2\/posts\/157540\/revisions"}],"wp:featuredmedia":[{"embeddable":true,"href":"https:\/\/www.europesays.com\/de\/wp-json\/wp\/v2\/media\/157541"}],"wp:attachment":[{"href":"https:\/\/www.europesays.com\/de\/wp-json\/wp\/v2\/media?parent=157540"}],"wp:term":[{"taxonomy":"category","embeddable":true,"href":"https:\/\/www.europesays.com\/de\/wp-json\/wp\/v2\/categories?post=157540"},{"taxonomy":"post_tag","embeddable":true,"href":"https:\/\/www.europesays.com\/de\/wp-json\/wp\/v2\/tags?post=157540"}],"curies":[{"name":"wp","href":"https:\/\/api.w.org\/{rel}","templated":true}]}}