{"id":157554,"date":"2025-06-01T20:34:09","date_gmt":"2025-06-01T20:34:09","guid":{"rendered":"https:\/\/www.europesays.com\/de\/157554\/"},"modified":"2025-06-01T20:34:09","modified_gmt":"2025-06-01T20:34:09","slug":"ueberraschung-im-dezernenten-streit-esslinger-cdu-tritt-beim-fuenften-buergermeister-auf-die-bremse","status":"publish","type":"post","link":"https:\/\/www.europesays.com\/de\/157554\/","title":{"rendered":"\u00dcberraschung im Dezernenten-Streit: Esslinger CDU tritt beim f\u00fcnften B\u00fcrgermeister auf die Bremse"},"content":{"rendered":"<p>\t\t\t\t\t\t\t\t\t\t\t\t\t\t\t\t\t\t\t\t\t\t\t\t\t\t\t\t      \t\t            \t\t             \t\t\t\t   \t\t\t\t\t   <img decoding=\"async\" id=\"article-image\" fetchpriority=\"high\" alt=\"\u00dcberraschung im Dezernenten-Streit: Esslinger CDU tritt beim f\u00fcnften B\u00fcrgermeister auf die Bremse\" title=\"\u00dcberraschung im Dezernenten-Streit: Esslinger CDU tritt beim f\u00fcnften B\u00fcrgermeister auf die Bremse\" src=\"https:\/\/www.europesays.com\/de\/wp-content\/uploads\/2025\/06\/media.media.1af7b47a-b904-417e-8332-82fc514b01af.16x9_700.jpg\" data-linkto=\"https:\/\/www.stuttgarter-nachrichten.de\/javascript:void(0);\"\/>\t\t\t\t\t\t\t\t\t\t\t\t\t\t\t\t\t\t\t\t\t\t\t\tVorerst soll es bei vier B\u00fcrgermeistern im Esslinger Rathaus bleiben.\u00a0Foto: Roberto Bulgrin\t\t\t<\/p>\n<p>Der Vorschlag, ein f\u00fcnftes Dezernat im Rathaus zu schaffen, wird hei\u00df diskutiert. Nun gibt es eine \u00fcberraschende Wendung: Die CDU m\u00f6chte das Thema von der Tagesordnung nehmen.<\/p>\n<p>Die Debatte \u00fcber die Schaffung einer f\u00fcnften <a href=\"https:\/\/www.stuttgarter-nachrichten.de\/thema\/B%C3%BCrgermeister\" title=\"B\u00fcrgermeister\" class=\"art_thema\" target=\"_blank\" rel=\"noopener\">B\u00fcrgermeister<\/a>stelle im Esslinger <a href=\"https:\/\/www.stuttgarter-nachrichten.de\/thema\/Rathaus\" title=\"Rathaus\" class=\"art_thema\" target=\"_blank\" rel=\"noopener\">Rathaus<\/a> nimmt eine \u00fcberraschende Wendung: Eigentlich wollte der Verwaltungsausschuss am Montag weitere Details kl\u00e4ren, ehe der Gemeinderat am 30. Juni endg\u00fcltig entscheiden sollte. Doch die <a href=\"https:\/\/www.stuttgarter-nachrichten.de\/thema\/CDU\" title=\"CDU\" class=\"art_thema\" target=\"_blank\" rel=\"noopener\">CDU<\/a>-Ratsfraktion tritt nun auf die Bremse und fordert, das Thema erst einmal auf Eis zu legen und sich zun\u00e4chst ausreichend Zeit f\u00fcr eine Bestandsaufnahme zu nehmen. Fraktionschef Tim Hauser spricht sich daf\u00fcr aus, die Neuaufstellung der Dezernate am Montag von der Tagesordnung im Verwaltungsausschuss zu nehmen und damit auch die Entscheidung \u00fcber eine weitere B\u00fcrgermeisterstelle so lange auszusetzen, \u201ebis eindeutig nachvollziehbar ist, dass eine Umstrukturierung der Dezernate die beste M\u00f6glichkeit bietet, vorhandene Probleme zu l\u00f6sen\u201c.<\/p>\n<p>CDU m\u00f6chte kein \u201eWeiter so\u201c      <img decoding=\"async\" loading=\"lazy\" src=\"https:\/\/www.europesays.com\/de\/wp-content\/uploads\/2025\/06\/1748810049_78_media.media.f956897e-2afd-4c97-9dfa-4df0b89bdd47.original1024.media.jpeg\"\/>     Die Wegweiser im Neuen Rathaus m\u00fcssen vorerst nicht korrigiert werden.    Foto: Roberto Bulgrin    <\/p>\n<p>Die CDU ist nach wie vor der Auffassung, dass es im Rathaus in vielen Bereichen Korrekturbedarf gibt. \u201eDarauf haben wir immer wieder hingewiesen und konkrete Vorschl\u00e4ge gemacht, wie die Stadtverwaltung effizienter und b\u00fcrgerfreundlicher aufgestellt werden k\u00f6nnte\u201c, sagt Hauser. \u201eWir haben die Vorschl\u00e4ge des Oberb\u00fcrgermeisters f\u00fcr eine ver\u00e4nderte Verwaltungsstruktur positiv aufgenommen, weil wir der Ansicht sind, dass ein \u201aweiter so\u2019 nicht der richtige Weg ist. Die j\u00fcngsten Debatten haben aber gezeigt, dass diese Diskussion ganz anders gef\u00fchrt werden muss.\u201c Dass die Ratsfraktion die Entscheidung aussetzen m\u00f6chte, obwohl ihr ein f\u00fcnftes Dezernat zufallen w\u00fcrde, sehen die Christdemokraten \u201eals Zeichen daf\u00fcr, dass es uns nicht um Posten geht, sondern darum, unsere Verwaltung so aufzustellen, dass sie im Sinne der B\u00fcrgerinnen und B\u00fcrger bestm\u00f6glich arbeiten kann\u201c.<\/p>\n<p>\u201eDer Handlungsbedarf bleibt\u201c    <\/p>\n<p>Tim Hauser verweist auf anhaltende Kritik an einigen Bereichen der Verwaltung und auf unklare Zust\u00e4ndigkeiten etwa im Bereich der Mobilit\u00e4t, die das Verwaltungshandeln erschweren: \u201eDie Stadtverwaltung braucht jetzt eine breite Analyse, in welchen Bereichen Verbesserungspotenzial und im Zweifel auch Handlungsbedarf besteht.\u201c Dann m\u00fcsse man in einem weiteren Schritt dar\u00fcber nachdenken, welche Probleme strukturell begr\u00fcndet seien und wo ver\u00e4nderte Strukturen helfen k\u00f6nnen, die Verwaltung effizienter und b\u00fcrgerfreundlicher aufzustellen. \u201eWir schlie\u00dfen nicht aus, dass am Ende die Erkenntnis stehen k\u00f6nnte, dass ein weiteres Dezernat in einer neuen Struktur die n\u00f6tigen Verbesserungen bringen kann\u201c, so Hauser. \u201eAber wir sollten die Diskussion nicht vom falschen Ende her aufziehen.\u201c<\/p>\n","protected":false},"excerpt":{"rendered":"Vorerst soll es bei vier B\u00fcrgermeistern im Esslinger Rathaus bleiben.\u00a0Foto: Roberto Bulgrin Der Vorschlag, ein f\u00fcnftes Dezernat im&hellip;\n","protected":false},"author":2,"featured_media":157406,"comment_status":"","ping_status":"","sticky":false,"template":"","format":"standard","meta":{"footnotes":""},"categories":[1830],"tags":[1634,8389,31,3364,29,3439,55216,30,2218,2127,1441,55217],"class_list":{"0":"post-157554","1":"post","2":"type-post","3":"status-publish","4":"format-standard","5":"has-post-thumbnail","7":"category-stuttgart","8":"tag-baden-wuerttemberg","9":"tag-buergermeister","10":"tag-cdu","11":"tag-de","12":"tag-deutschland","13":"tag-esslingen","14":"tag-fuenfter-dezenent","15":"tag-germany","16":"tag-rathaus","17":"tag-streit","18":"tag-stuttgart","19":"tag-tim-hauser"},"share_on_mastodon":{"url":"https:\/\/pubeurope.com\/@de\/114610023938827834","error":""},"_links":{"self":[{"href":"https:\/\/www.europesays.com\/de\/wp-json\/wp\/v2\/posts\/157554","targetHints":{"allow":["GET"]}}],"collection":[{"href":"https:\/\/www.europesays.com\/de\/wp-json\/wp\/v2\/posts"}],"about":[{"href":"https:\/\/www.europesays.com\/de\/wp-json\/wp\/v2\/types\/post"}],"author":[{"embeddable":true,"href":"https:\/\/www.europesays.com\/de\/wp-json\/wp\/v2\/users\/2"}],"replies":[{"embeddable":true,"href":"https:\/\/www.europesays.com\/de\/wp-json\/wp\/v2\/comments?post=157554"}],"version-history":[{"count":0,"href":"https:\/\/www.europesays.com\/de\/wp-json\/wp\/v2\/posts\/157554\/revisions"}],"wp:featuredmedia":[{"embeddable":true,"href":"https:\/\/www.europesays.com\/de\/wp-json\/wp\/v2\/media\/157406"}],"wp:attachment":[{"href":"https:\/\/www.europesays.com\/de\/wp-json\/wp\/v2\/media?parent=157554"}],"wp:term":[{"taxonomy":"category","embeddable":true,"href":"https:\/\/www.europesays.com\/de\/wp-json\/wp\/v2\/categories?post=157554"},{"taxonomy":"post_tag","embeddable":true,"href":"https:\/\/www.europesays.com\/de\/wp-json\/wp\/v2\/tags?post=157554"}],"curies":[{"name":"wp","href":"https:\/\/api.w.org\/{rel}","templated":true}]}}