{"id":157557,"date":"2025-06-01T20:36:23","date_gmt":"2025-06-01T20:36:23","guid":{"rendered":"https:\/\/www.europesays.com\/de\/157557\/"},"modified":"2025-06-01T20:36:23","modified_gmt":"2025-06-01T20:36:23","slug":"frankfurt-mann-zeigt-hitlergruss-und-beleidigt-polizei-regional","status":"publish","type":"post","link":"https:\/\/www.europesays.com\/de\/157557\/","title":{"rendered":"Frankfurt: Mann zeigt Hitlergru\u00df und beleidigt Polizei | Regional"},"content":{"rendered":"<p>Frankfurt \u2013 <b>Ein 43-j\u00e4hriger Mann hat am Samstagnachmittag in der Mainzer Landstra\u00dfe den Hitlergru\u00df gezeigt.<\/b><\/p>\n<p>Eine vorbeifahrende Polizeistreife bemerkte dies gegen 14:25 Uhr und stoppte sofort. Der Mann versuchte zu fl\u00fcchten, wurde jedoch kurz darauf von den Beamten eingeholt und kontrolliert.<\/p>\n<p>W\u00e4hrend der Kontrolle beleidigte er die Polizisten mehrfach. Die Beamten erstatteten Anzeige. Der Mann muss sich nun wegen der gezeigten Armbewegung und der Beleidigungen verantworten.<\/p>\n<p>Dieser Text basiert auf einer offiziellen Beh\u00f6rden-Information und wurde mit Hilfe von KI erstellt.<\/p>\n","protected":false},"excerpt":{"rendered":"Frankfurt \u2013 Ein 43-j\u00e4hriger Mann hat am Samstagnachmittag in der Mainzer Landstra\u00dfe den Hitlergru\u00df gezeigt. Eine vorbeifahrende Polizeistreife&hellip;\n","protected":false},"author":2,"featured_media":157558,"comment_status":"","ping_status":"","sticky":false,"template":"","format":"standard","meta":{"footnotes":""},"categories":[1829],"tags":[29,2050,2051,30,1000,2052,2509,121,45,1995],"class_list":{"0":"post-157557","1":"post","2":"type-post","3":"status-publish","4":"format-standard","5":"has-post-thumbnail","7":"category-frankfurt-am-main","8":"tag-deutschland","9":"tag-frankfurt","10":"tag-frankfurt-am-main","11":"tag-germany","12":"tag-gewalt","13":"tag-hessen","14":"tag-ki-ots","15":"tag-polizei","16":"tag-texttospeech","17":"tag-verbrechen"},"share_on_mastodon":{"url":"https:\/\/pubeurope.com\/@de\/114610030816063963","error":""},"_links":{"self":[{"href":"https:\/\/www.europesays.com\/de\/wp-json\/wp\/v2\/posts\/157557","targetHints":{"allow":["GET"]}}],"collection":[{"href":"https:\/\/www.europesays.com\/de\/wp-json\/wp\/v2\/posts"}],"about":[{"href":"https:\/\/www.europesays.com\/de\/wp-json\/wp\/v2\/types\/post"}],"author":[{"embeddable":true,"href":"https:\/\/www.europesays.com\/de\/wp-json\/wp\/v2\/users\/2"}],"replies":[{"embeddable":true,"href":"https:\/\/www.europesays.com\/de\/wp-json\/wp\/v2\/comments?post=157557"}],"version-history":[{"count":0,"href":"https:\/\/www.europesays.com\/de\/wp-json\/wp\/v2\/posts\/157557\/revisions"}],"wp:featuredmedia":[{"embeddable":true,"href":"https:\/\/www.europesays.com\/de\/wp-json\/wp\/v2\/media\/157558"}],"wp:attachment":[{"href":"https:\/\/www.europesays.com\/de\/wp-json\/wp\/v2\/media?parent=157557"}],"wp:term":[{"taxonomy":"category","embeddable":true,"href":"https:\/\/www.europesays.com\/de\/wp-json\/wp\/v2\/categories?post=157557"},{"taxonomy":"post_tag","embeddable":true,"href":"https:\/\/www.europesays.com\/de\/wp-json\/wp\/v2\/tags?post=157557"}],"curies":[{"name":"wp","href":"https:\/\/api.w.org\/{rel}","templated":true}]}}