{"id":157572,"date":"2025-06-01T20:44:13","date_gmt":"2025-06-01T20:44:13","guid":{"rendered":"https:\/\/www.europesays.com\/de\/157572\/"},"modified":"2025-06-01T20:44:13","modified_gmt":"2025-06-01T20:44:13","slug":"berlin-brandenburg-rund-60-000-besucher-bei-beelitzer-spargelfest","status":"publish","type":"post","link":"https:\/\/www.europesays.com\/de\/157572\/","title":{"rendered":"Berlin &#038; Brandenburg: Rund 60.000 Besucher bei Beelitzer Spargelfest"},"content":{"rendered":"<p>                    Berlin &amp; Brandenburg<br \/>\n                Rund 60.000 Besucher bei Beelitzer Spargelfest<\/p>\n<p>\t\t\t\t              01.06.2025, 17:00 Uhr<\/p>\n<p><strong>Beim Beelitzer Spargelfest str\u00f6mten zuletzt tausende Menschen in die Kleinstadt im Berliner Speckg\u00fcrtel. In diesem Jahr gab es hochkar\u00e4tige Musik-Acts.<\/strong><\/p>\n<p>Beelitz (dpa\/bb) &#8211; Tausende Menschen haben am Wochenende den Spargel in der Brandenburger Spargelmetropole Beelitz gefeiert. Bei teils strahlendem Sonnenschein fanden sich in der Summe etwa 60.000 Menschen ein, wie ein Sprecher der Stadt mitteilte. Das Highlight soll demnach der gro\u00dfe Festumzug gewesen sein.\u00a0<\/p>\n<p>An dem Umzug waren etwa 50 Vereine und Organisationen aus Beelitz beteiligt. Dazu geh\u00f6rten Schulen, Kinderg\u00e4rten, Unternehmen, Sportvereine und die Spargelh\u00f6fe. Auf der B\u00fchne traten unter anderem die Weather Girls und Thomas Anders auf. Laut dem Sprecher herrschte sehr ausgelassene Stimmung auf dem Fest.\u00a0<\/p>\n<p>Die Veranstaltung war unter erh\u00f6hten Sicherheitsauflagen am Freitag gestartet und lief bis zum Sonntag. Die Spargelstadt s\u00fcdwestlich von Potsdam k\u00fcndigte in diesem Jahr verst\u00e4rkte Taschenkontrollen an den Eing\u00e4ngen an. Glasflaschen, Hieb- und Stichwaffen sowie Drogen seien verboten, hie\u00df es. Im vergangenen Jahr z\u00e4hlten die Veranstalter etwa 50.000 Besucher.<\/p>\n","protected":false},"excerpt":{"rendered":"Berlin &amp; Brandenburg Rund 60.000 Besucher bei Beelitzer Spargelfest 01.06.2025, 17:00 Uhr Beim Beelitzer Spargelfest str\u00f6mten zuletzt tausende&hellip;\n","protected":false},"author":2,"featured_media":157573,"comment_status":"","ping_status":"","sticky":false,"template":"","format":"standard","meta":{"footnotes":""},"categories":[1816],"tags":[1960,1958,1959,1957,55262,296,1956,6151,1890,29,30,23977,42323],"class_list":{"0":"post-157572","1":"post","2":"type-post","3":"status-publish","4":"format-standard","5":"has-post-thumbnail","7":"category-brandenburg","8":"tag-aktuelle-nachrichten-aus-berlin-und-brandenburg","9":"tag-aktuelle-nachrichten-aus-brandenburg","10":"tag-aktuelle-news-aus-berlin-und-brandenburg","11":"tag-aktuelle-news-aus-brandenburg","12":"tag-beelitzer","13":"tag-berlin","14":"tag-berlin-und-brandenburg","15":"tag-besucher","16":"tag-brandenburg","17":"tag-deutschland","18":"tag-germany","19":"tag-rund","20":"tag-spargelfest"},"share_on_mastodon":{"url":"https:\/\/pubeurope.com\/@de\/114610062376362606","error":""},"_links":{"self":[{"href":"https:\/\/www.europesays.com\/de\/wp-json\/wp\/v2\/posts\/157572","targetHints":{"allow":["GET"]}}],"collection":[{"href":"https:\/\/www.europesays.com\/de\/wp-json\/wp\/v2\/posts"}],"about":[{"href":"https:\/\/www.europesays.com\/de\/wp-json\/wp\/v2\/types\/post"}],"author":[{"embeddable":true,"href":"https:\/\/www.europesays.com\/de\/wp-json\/wp\/v2\/users\/2"}],"replies":[{"embeddable":true,"href":"https:\/\/www.europesays.com\/de\/wp-json\/wp\/v2\/comments?post=157572"}],"version-history":[{"count":0,"href":"https:\/\/www.europesays.com\/de\/wp-json\/wp\/v2\/posts\/157572\/revisions"}],"wp:featuredmedia":[{"embeddable":true,"href":"https:\/\/www.europesays.com\/de\/wp-json\/wp\/v2\/media\/157573"}],"wp:attachment":[{"href":"https:\/\/www.europesays.com\/de\/wp-json\/wp\/v2\/media?parent=157572"}],"wp:term":[{"taxonomy":"category","embeddable":true,"href":"https:\/\/www.europesays.com\/de\/wp-json\/wp\/v2\/categories?post=157572"},{"taxonomy":"post_tag","embeddable":true,"href":"https:\/\/www.europesays.com\/de\/wp-json\/wp\/v2\/tags?post=157572"}],"curies":[{"name":"wp","href":"https:\/\/api.w.org\/{rel}","templated":true}]}}